{"id":4030,"date":"2021-03-17T01:30:39","date_gmt":"2021-03-17T05:30:39","guid":{"rendered":"http:\/\/jms.com.bo\/mediamonitor\/?p=4030"},"modified":"2021-03-17T01:30:39","modified_gmt":"2021-03-17T05:30:39","slug":"no-avanzan-negociaciones-entre-gobierno-y-productores-por-banda-de-precios","status":"publish","type":"post","link":"https:\/\/jms.com.bo\/mediamonitor\/2021\/03\/17\/no-avanzan-negociaciones-entre-gobierno-y-productores-por-banda-de-precios\/","title":{"rendered":"No avanzan negociaciones entre Gobierno y productores por banda de precios"},"content":{"rendered":"<p style=\"text-align: justify;\">Se estancan las negociaciones entre los productores agr\u00edcolas cruce\u00f1os y el Gobierno por la banda de precios a los derivados de soya. La anterior semana las mesas t\u00e9cnicas entraron en un cuarto intermedio, sin llegar a un acuerdo concreto. Los soyeros esperan el reinicio del di\u00e1logo.<\/p>\n<p style=\"text-align: justify;\">En el mes de febrero, los productores de soya de Santa Cruz bloquearon durante cinco d\u00edas las principales v\u00edas de acceso a este departamento exigiendo la anulaci\u00f3n de una banda de precios que regula la venta de derivados de la soya como la harina solvente.<\/p>\n<p style=\"text-align: justify;\">Esta regulaci\u00f3n, seg\u00fan los soyeros, altera el precio que reciben de las industrias por la venta de sus granos. Luego de varias protestas el Gobierno instal\u00f3 mesas t\u00e9cnicas para tratar de buscar un acuerdo.<\/p>\n<p style=\"text-align: justify;\">En la presente semana algunos productores de la zona Este emprendieron las primeras cosechas del \u2018grano de oro\u2019. En la campa\u00f1a de verano 2020-2021 el sector oleaginoso logr\u00f3 sembrar 1.176.000 hect\u00e1reas de soya, ma\u00edz y sorgo<br \/>\n\u200bPero de entrada el Poder Ejecutivo sostiene que es imposible retirar las regulaciones, porque implicar\u00eda una subida de precios en los productos de primera necesidad y pondr\u00eda en peligro la seguridad alimentaria.<\/p>\n<p style=\"text-align: justify;\">Esta premisa es rechazada por el sector productivo porque aseguran que solo un 20% de la producci\u00f3n del sector va para el mercado interno.<\/p>\n<p style=\"text-align: justify;\">Fidel Flores, presidente de la Asociaci\u00f3n de Productores de Oleaginosas y Trigo (Anapo), explic\u00f3 que como contrapropuesta, el sector plante\u00f3 al Gobierno aplicar esta banda de precios a los productores pecuarios peque\u00f1os que tienen una demanda de 10 toneladas por mes.<\/p>\n<p style=\"text-align: justify;\">\u201cEsto iba a beneficiar al 85% de los productores agropecuarios, y los dem\u00e1s ten\u00edan que comprar al precio del mercado\u201d, dijo.<\/p>\n<p style=\"text-align: justify;\">No obstante, este ofrecimiento fue rechazado tanto por el Gobierno y los productores pecuarios de occidente, explic\u00f3 Flores.<\/p>\n<p style=\"text-align: justify;\">El dirigente sostuvo que \u201csoluciones concretas no se encontraron\u201d porque se espera la respuesta del Gobierno que pese a rechazar en primera instancia la sugerencia qued\u00f3 en analizarla con sus t\u00e9cnicos.<\/p>\n<p style=\"text-align: justify;\">\u201cQueremos mejorar la banda de precios para que se acerque el precio real, ahora la banda de precios hasta junio es de $us 323 por tonelada de harina de soya, cuando el precio del mercado est\u00e1 arriba de $us 400. No tenemos una soluci\u00f3n concreta\u201d, dijo.<\/p>\n<p style=\"text-align: justify;\">El dirigente sostuvo que actualmente el precio del grano est\u00e1 por encima de los $us 500 la tonelada en el mercado internacional y ese valor ayuda a paliar las p\u00e9rdidas econ\u00f3micas generadas por efectos clim\u00e1ticos y pandemia.<\/p>\n","protected":false},"excerpt":{"rendered":"<p>Se estancan las negociaciones entre los productores agr\u00edcolas cruce\u00f1os y el Gobierno por la banda de precios a los derivados de soya. La anterior semana las mesas t\u00e9cnicas entraron en un cuarto intermedio, sin llegar a un acuerdo concreto. Los soyeros esperan el reinicio del di\u00e1logo. En el mes de febrero, los productores de soya [&hellip;]<\/p>\n","protected":false},"author":4,"featured_media":4031,"comment_status":"open","ping_status":"open","sticky":false,"template":"","format":"standard","meta":{"footnotes":""},"categories":[49],"tags":[],"class_list":["post-4030","post","type-post","status-publish","format-standard","has-post-thumbnail","category-social"],"_links":{"self":[{"href":"https:\/\/jms.com.bo\/mediamonitor\/wp-json\/wp\/v2\/posts\/4030","targetHints":{"allow":["GET"]}}],"collection":[{"href":"https:\/\/jms.com.bo\/mediamonitor\/wp-json\/wp\/v2\/posts"}],"about":[{"href":"https:\/\/jms.com.bo\/mediamonitor\/wp-json\/wp\/v2\/types\/post"}],"author":[{"embeddable":true,"href":"https:\/\/jms.com.bo\/mediamonitor\/wp-json\/wp\/v2\/users\/4"}],"replies":[{"embeddable":true,"href":"https:\/\/jms.com.bo\/mediamonitor\/wp-json\/wp\/v2\/comments?post=4030"}],"version-history":[{"count":1,"href":"https:\/\/jms.com.bo\/mediamonitor\/wp-json\/wp\/v2\/posts\/4030\/revisions"}],"predecessor-version":[{"id":4032,"href":"https:\/\/jms.com.bo\/mediamonitor\/wp-json\/wp\/v2\/posts\/4030\/revisions\/4032"}],"wp:featuredmedia":[{"embeddable":true,"href":"https:\/\/jms.com.bo\/mediamonitor\/wp-json\/wp\/v2\/media\/4031"}],"wp:attachment":[{"href":"https:\/\/jms.com.bo\/mediamonitor\/wp-json\/wp\/v2\/media?parent=4030"}],"wp:term":[{"taxonomy":"category","embeddable":true,"href":"https:\/\/jms.com.bo\/mediamonitor\/wp-json\/wp\/v2\/categories?post=4030"},{"taxonomy":"post_tag","embeddable":true,"href":"https:\/\/jms.com.bo\/mediamonitor\/wp-json\/wp\/v2\/tags?post=4030"}],"curies":[{"name":"wp","href":"https:\/\/api.w.org\/{rel}","templated":true}]}}