{"id":40374,"date":"2022-12-23T07:37:33","date_gmt":"2022-12-23T11:37:33","guid":{"rendered":"https:\/\/jms.com.bo\/mediamonitor\/2022\/12\/23\/ypfb-anuncia-que-producira-el-primer-barril-de-biodiesel-el-2023\/"},"modified":"2022-12-23T07:37:33","modified_gmt":"2022-12-23T11:37:33","slug":"ypfb-anuncia-que-producira-el-primer-barril-de-biodiesel-el-2023","status":"publish","type":"post","link":"https:\/\/jms.com.bo\/mediamonitor\/2022\/12\/23\/ypfb-anuncia-que-producira-el-primer-barril-de-biodiesel-el-2023\/","title":{"rendered":"YPFB anuncia que producir\u00e1 el primer barril de biodi\u00e9sel el 2023"},"content":{"rendered":"<blockquote>\n<h3>Dorgathen sostuvo que este combustible es amigable con el medio ambiente.<\/h3>\n<\/blockquote>\n<div class=\"paragraph texto\">\n<p class=\"p_0\">El presidente de Yacimientos Petrol\u00edferos Fiscales Bolivianos (YPFB), Armin Dorgathen, anunci\u00f3 que la estatal petrolera producir\u00e1 el primer barril de biodi\u00e9sel el 2023. El comunicado lo hizo durante la celebraci\u00f3n de los 86 a\u00f1os de fundaci\u00f3n de YPFB.<\/p>\n<p class=\"p_1\">\u201cEl a\u00f1o 2023 tendremos el primer barril de biodi\u00e9sel, 100% boliviano, un combustible amigable con el medio ambiente y que reducir\u00e1 la importaci\u00f3n de combustibles\u201d, dijo Dorgathen.<\/p>\n<\/div>\n<div class=\"block_link_int\">\n<div class=\"link_int\"><\/div>\n<div>\n<p>&nbsp;<\/p>\n<\/div>\n<\/div>\n<div class=\"paragraph texto\">\n<p class=\"p_2\">YPFB construye en el departamento de Santa Cruz la Planta de Biodi\u00e9sel-1, con una inversi\u00f3n de 40 millones de d\u00f3lares y se prev\u00e9 que entre en operaciones a finales de 2023, de acuerdo con una nota de Gigavisi\u00f3n.<\/p>\n<p class=\"p_3\">Dorgathen agreg\u00f3 que es necesario continuar con el desarrollo de la industrializaci\u00f3n de los recursos naturales para alcanzar nuevos mercados internacionales, pero adem\u00e1s \u201cmantener y seguir potenciando la planta de \u00farea Marcelo Quiroga Santa Cruz\u201d.<\/p>\n<p class=\"p_4\">Indic\u00f3 que existe potencial ya que la demanda de este producto crece continuamente en Bolivia y en el mundo.<\/p>\n<\/div>\n","protected":false},"excerpt":{"rendered":"<p>Dorgathen sostuvo que este combustible es amigable con el medio ambiente. El presidente de Yacimientos Petrol\u00edferos Fiscales Bolivianos (YPFB), Armin Dorgathen, anunci\u00f3 que la estatal petrolera producir\u00e1 el primer barril de biodi\u00e9sel el 2023. El comunicado lo hizo durante la celebraci\u00f3n de los 86 a\u00f1os de fundaci\u00f3n de YPFB. \u201cEl a\u00f1o 2023 tendremos el primer [&hellip;]<\/p>\n","protected":false},"author":1,"featured_media":40366,"comment_status":"open","ping_status":"open","sticky":false,"template":"","format":"standard","meta":{"footnotes":""},"categories":[40,23,48,43],"tags":[],"class_list":{"0":"post-40374","1":"post","2":"type-post","3":"status-publish","4":"format-standard","5":"has-post-thumbnail","7":"category-bolivia","8":"category-hidrocarburos","9":"category-portada-general-sitio","10":"category-portada-oil-gas"},"_links":{"self":[{"href":"https:\/\/jms.com.bo\/mediamonitor\/wp-json\/wp\/v2\/posts\/40374","targetHints":{"allow":["GET"]}}],"collection":[{"href":"https:\/\/jms.com.bo\/mediamonitor\/wp-json\/wp\/v2\/posts"}],"about":[{"href":"https:\/\/jms.com.bo\/mediamonitor\/wp-json\/wp\/v2\/types\/post"}],"author":[{"embeddable":true,"href":"https:\/\/jms.com.bo\/mediamonitor\/wp-json\/wp\/v2\/users\/1"}],"replies":[{"embeddable":true,"href":"https:\/\/jms.com.bo\/mediamonitor\/wp-json\/wp\/v2\/comments?post=40374"}],"version-history":[{"count":0,"href":"https:\/\/jms.com.bo\/mediamonitor\/wp-json\/wp\/v2\/posts\/40374\/revisions"}],"wp:featuredmedia":[{"embeddable":true,"href":"https:\/\/jms.com.bo\/mediamonitor\/wp-json\/wp\/v2\/media\/40366"}],"wp:attachment":[{"href":"https:\/\/jms.com.bo\/mediamonitor\/wp-json\/wp\/v2\/media?parent=40374"}],"wp:term":[{"taxonomy":"category","embeddable":true,"href":"https:\/\/jms.com.bo\/mediamonitor\/wp-json\/wp\/v2\/categories?post=40374"},{"taxonomy":"post_tag","embeddable":true,"href":"https:\/\/jms.com.bo\/mediamonitor\/wp-json\/wp\/v2\/tags?post=40374"}],"curies":[{"name":"wp","href":"https:\/\/api.w.org\/{rel}","templated":true}]}}