{"id":40375,"date":"2022-12-23T07:42:09","date_gmt":"2022-12-23T11:42:09","guid":{"rendered":"https:\/\/jms.com.bo\/mediamonitor\/2022\/12\/23\/vacunas-de-refuerzo-protegen-de-las-nuevas-subvariantes-de-la-covid-19\/"},"modified":"2022-12-23T07:42:09","modified_gmt":"2022-12-23T11:42:09","slug":"vacunas-de-refuerzo-protegen-de-las-nuevas-subvariantes-de-la-covid-19","status":"publish","type":"post","link":"https:\/\/jms.com.bo\/mediamonitor\/2022\/12\/23\/vacunas-de-refuerzo-protegen-de-las-nuevas-subvariantes-de-la-covid-19\/","title":{"rendered":"Vacunas de refuerzo protegen de las nuevas subvariantes de la Covid-19"},"content":{"rendered":"<p class=\"rtejustify\">Las dosis de refuerzo de las vacunas anticovid son las que protegen a la poblaci\u00f3n de contagiarse de las nuevas variantes o subvariantes del coronavirus que aparecen en las \u00faltimas olas de la pandemia, explicaron epidemi\u00f3logos y el responsable nacional del Programa de Enfermedades Emergentes del Ministerio de Salud, Rub\u00e9n Montero.<\/p>\n<p class=\"rtejustify\">Bolivia registra la escalada de casos de coronavirus en la sexta ola de la pandemia y desde el Ministerio de Salud insisten en la importancia de vacunarse para fortalecer el sistema inmunol\u00f3gico y minimizar los s\u00edntomas de la enfermedad.<\/p>\n<p class=\"rtejustify\">Montero asegur\u00f3 que las vacunas que hay en el pa\u00eds son eficaces para prevenir las nuevas subvariantes.<\/p>\n<p class=\"rtejustify\">Montero se\u00f1al\u00f3 que los expertos evidenciaron la resistencia y mutaci\u00f3n del virus y recomendaron las dosis de refuerzo, sin importar si se mezclan los tipos de vacuna con el fin de reforzar el sistema inmunol\u00f3gico. \u201cEs por eso la importancia de completar el esquema de inmunizaci\u00f3n con los refuerzos que deben ser cada seis meses porque no se sabe qu\u00e9 nuevas variantes o subvariantes circular\u00e1n en las olas venideras\u201d, se\u00f1al\u00f3.<\/p>\n<p class=\"rtejustify\">Explic\u00f3 que s\u00f3lo ser\u00edan necesarias dos dosis si el virus no mutar\u00eda, pero es din\u00e1mico y no sabes cu\u00e1les circular\u00e1n en las pr\u00f3ximas olas<\/p>\n<p class=\"rtejustify\">Sobre el tema, el director nacional de Epidemiolog\u00eda, Freddy Armijo, se\u00f1al\u00f3 que las subvariantes emergen en las personas que no est\u00e1n vacunadas contra el coronavirus. \u201cEs as\u00ed la importancia de la inmunizaci\u00f3n por el bien de la persona, de la familia y de la comunidad en general\u201d, sostuvo.<\/p>\n<p class=\"rtejustify\">Sin embargo, los datos de la cobertura de vacunaci\u00f3n de la dosis de refuerzo en Bolivia evidencian una cobertura \u00ednfima, el 21,8 por ciento; Beni registra el 12;3 por ciento; Potos\u00ed, 18,9 por ciento, y La Paz, el 19 por ciento, entre la m\u00e1s bajas.<\/p>\n<p class=\"rtejustify\">Los departamentos con mayor porcentaje de poblaci\u00f3n con la dosis de refuerzo son Chuquisaca con 28,5 por ciento, Cochabamba con 26,7 por ciento y Tarija con 25,8 por ciento.<\/p>\n<p class=\"rtejustify\">La mayor\u00eda de la gente que enferm\u00f3 en las \u00faltimas olas presenta s\u00edntomas m\u00e1s leves que en las primeras y el tiempo de la dolencia redujo de tres a una semana debido a la vacunaci\u00f3n; sin embargo, hay secuelas comunes como fatiga, dolor en el pecho, dolor en la espalda y tos frecuente.<\/p>\n<p class=\"rtejustify\">El ministro de Salud, Jeyson Auza, garantiz\u00f3 la efectividad de las vacunas y rog\u00f3 a las familias que acudan a los centros de salud para vacunarse. \u201cEn este momento debemos decir con total seguridad a la poblaci\u00f3n boliviana que las vacunas que tenemos son efectivas, son seguras y protegen a la poblaci\u00f3n, adem\u00e1s que tienen un efecto de protecci\u00f3n tambi\u00e9n con estas nuevas subvariantes\u201d, asegur\u00f3.<\/p>\n<p class=\"rtejustify\">Recomend\u00f3 que en estas fiestas de fin de a\u00f1o se mantengan las medidas de bioseguridad y se acuda a inmunizarse, \u201cporque es la \u00fanica manera de proteger a la familia y mantener la unidad y paz que debe imperar en esta Navidad\u201d.<\/p>\n<p class=\"rtejustify\">\n<p class=\"rtejustify\"><strong>Debe utilizarse el barbijo en p\u00fablico<\/strong><\/p>\n<p class=\"rtejustify\">El director nacional de Epidemiolog\u00eda del Ministerio de Salud, Freddy Armijo, se\u00f1al\u00f3 que una medida de protecci\u00f3n para evitar contagiarse de coronavirus es el uso del barbijo de acuerdo con el protocolo establecido.<\/p>\n<p class=\"rtejustify\">Asegur\u00f3 que la mascarilla no s\u00f3lo protege a la gente del coronavirus, tambi\u00e9n de la influenza, de los resfr\u00edos y de la coqueluche.<\/p>\n<p class=\"rtejustify\">Otra medida de bioseguridad es el lavado permanente de las manos o, caso contrario, la desinfecci\u00f3n con alcohol.<\/p>\n<p class=\"rtejustify\">Adem\u00e1s, recomend\u00f3 minimizar las exposiciones en lugares concentrados como centros comerciales o eventos sociales que son muy comunes en esta \u00e9poca del a\u00f1o por las fiestas de Navidad y otros acontecimientos.<\/p>\n","protected":false},"excerpt":{"rendered":"<p>Las dosis de refuerzo de las vacunas anticovid son las que protegen a la poblaci\u00f3n de contagiarse de las nuevas variantes o subvariantes del coronavirus que aparecen en las \u00faltimas olas de la pandemia, explicaron epidemi\u00f3logos y el responsable nacional del Programa de Enfermedades Emergentes del Ministerio de Salud, Rub\u00e9n Montero. Bolivia registra la escalada [&hellip;]<\/p>\n","protected":false},"author":1,"featured_media":40377,"comment_status":"open","ping_status":"open","sticky":false,"template":"","format":"standard","meta":{"footnotes":""},"categories":[53],"tags":[],"class_list":{"0":"post-40375","1":"post","2":"type-post","3":"status-publish","4":"format-standard","5":"has-post-thumbnail","7":"category-salud"},"_links":{"self":[{"href":"https:\/\/jms.com.bo\/mediamonitor\/wp-json\/wp\/v2\/posts\/40375","targetHints":{"allow":["GET"]}}],"collection":[{"href":"https:\/\/jms.com.bo\/mediamonitor\/wp-json\/wp\/v2\/posts"}],"about":[{"href":"https:\/\/jms.com.bo\/mediamonitor\/wp-json\/wp\/v2\/types\/post"}],"author":[{"embeddable":true,"href":"https:\/\/jms.com.bo\/mediamonitor\/wp-json\/wp\/v2\/users\/1"}],"replies":[{"embeddable":true,"href":"https:\/\/jms.com.bo\/mediamonitor\/wp-json\/wp\/v2\/comments?post=40375"}],"version-history":[{"count":0,"href":"https:\/\/jms.com.bo\/mediamonitor\/wp-json\/wp\/v2\/posts\/40375\/revisions"}],"wp:featuredmedia":[{"embeddable":true,"href":"https:\/\/jms.com.bo\/mediamonitor\/wp-json\/wp\/v2\/media\/40377"}],"wp:attachment":[{"href":"https:\/\/jms.com.bo\/mediamonitor\/wp-json\/wp\/v2\/media?parent=40375"}],"wp:term":[{"taxonomy":"category","embeddable":true,"href":"https:\/\/jms.com.bo\/mediamonitor\/wp-json\/wp\/v2\/categories?post=40375"},{"taxonomy":"post_tag","embeddable":true,"href":"https:\/\/jms.com.bo\/mediamonitor\/wp-json\/wp\/v2\/tags?post=40375"}],"curies":[{"name":"wp","href":"https:\/\/api.w.org\/{rel}","templated":true}]}}