{"id":40378,"date":"2022-12-23T07:44:32","date_gmt":"2022-12-23T11:44:32","guid":{"rendered":"https:\/\/jms.com.bo\/mediamonitor\/2022\/12\/23\/el-90-de-los-casos-positivos-de-covid-19-estan-en-la-capital-crucena\/"},"modified":"2022-12-23T07:44:32","modified_gmt":"2022-12-23T11:44:32","slug":"el-90-de-los-casos-positivos-de-covid-19-estan-en-la-capital-crucena","status":"publish","type":"post","link":"https:\/\/jms.com.bo\/mediamonitor\/2022\/12\/23\/el-90-de-los-casos-positivos-de-covid-19-estan-en-la-capital-crucena\/","title":{"rendered":"El 90% de los casos positivos de Covid-19 est\u00e1n en la capital cruce\u00f1a"},"content":{"rendered":"<blockquote>\n<div class=\"content-aside\">\n<article>\n<div class=\"media\">\n<div class=\"holder\">\n<div class=\"slick-slider gallery-holder slick-initialized\">\n<div class=\"slick-list\">\n<div class=\"slick-track\">\n<div class=\"slick-slide slick-active slick-current\" tabindex=\"-1\" data-index=\"0\" aria-hidden=\"false\">\n<div>\n<figure class=\"slide slide-image\" tabindex=\"-1\"><span style=\"color: #111111; font-family: Roboto, sans-serif; font-size: 27px;\">Las autoridades de salud insisten en que la vacunaci\u00f3n es el \u00fanico mecanismo efectivo para contrarrestar los efectos en caso de contraer el virus<\/span><\/figure>\n<\/div>\n<\/div>\n<\/div>\n<\/div>\n<\/div>\n<\/div>\n<\/div>\n<\/article>\n<\/div>\n<\/blockquote>\n<p>&nbsp;<\/p>\n<div>\n<p>Solo en la jornada de este jueves se registraron 1.657 casos positivos de Covid-19. La mayor\u00eda de los nuevos casos detectados, 1.494, est\u00e1n en la ciudad de Santa Cruz de la Sierra y el resto (163) en provincias.<b>\u00a0Las autoridades de salud insisten en que la vacunaci\u00f3n es el \u00fanico medio efectivo para contrarrestar los efectos en caso de contraer el virus.\u00a0<\/b><\/p>\n<\/div>\n<div>\n<p>De acuerdo con el reporte del Servicio Departamental de Salud (Sedes), el n\u00famero de contagios en una sola jornada se incrementa a medida que se acerca el pico m\u00e1s alto.\u00a0<b>Asimismo, apunta a la capital cruce\u00f1a como el epicentro de esta sexta ola del virus.<\/b><\/p>\n<\/div>\n<div>\n<p>Gabriel Su\u00e1rez, representante del Sedes, indic\u00f3 que, durante la sexta ola, en el sistema p\u00fablico se registr\u00f3 el fallecimiento de nueve ciudadanos,\u00a0<b>la mayor\u00eda ten\u00eda enfermedad de base y en algunos casos no estaban inmunizados o les faltaba completar su esquema de vacunaci\u00f3n.<br \/>\n<\/b><br \/>\nSu\u00e1rez lament\u00f3 que las coberturas de vacunaci\u00f3n sean bajas, dado que no sobrepasan las<b>\u00a01.000 personas inmunizadas contra el Covid-19 por d\u00eda.<\/b>\u00a0En las anteriores oleadas de covid, la cifra de vacunados era significativamente mayor.<\/p>\n<\/div>\n<div>\n<p>Por lo que la autoridad,\u00a0<b>al igual que el resto de los galenos aconsejan a la poblaci\u00f3n acudir a los centros de salud por la dosis de vacuna\u00a0<\/b>que les correspondan, hasta completar el esquema que incluye la cuarta dosis.<\/p>\n<\/div>\n<div>\n<p>Asimismo, remarcan la importancia de acatar las medidas de bioseguridad, m\u00e1s a\u00fan en estos tiempos de fiestas de fin de a\u00f1o.<b>\u00a0<\/b><\/p>\n<\/div>\n","protected":false},"excerpt":{"rendered":"<p>Las autoridades de salud insisten en que la vacunaci\u00f3n es el \u00fanico mecanismo efectivo para contrarrestar los efectos en caso de contraer el virus &nbsp; Solo en la jornada de este jueves se registraron 1.657 casos positivos de Covid-19. La mayor\u00eda de los nuevos casos detectados, 1.494, est\u00e1n en la ciudad de Santa Cruz de [&hellip;]<\/p>\n","protected":false},"author":1,"featured_media":40376,"comment_status":"open","ping_status":"open","sticky":false,"template":"","format":"standard","meta":{"footnotes":""},"categories":[53],"tags":[],"class_list":{"0":"post-40378","1":"post","2":"type-post","3":"status-publish","4":"format-standard","5":"has-post-thumbnail","7":"category-salud"},"_links":{"self":[{"href":"https:\/\/jms.com.bo\/mediamonitor\/wp-json\/wp\/v2\/posts\/40378","targetHints":{"allow":["GET"]}}],"collection":[{"href":"https:\/\/jms.com.bo\/mediamonitor\/wp-json\/wp\/v2\/posts"}],"about":[{"href":"https:\/\/jms.com.bo\/mediamonitor\/wp-json\/wp\/v2\/types\/post"}],"author":[{"embeddable":true,"href":"https:\/\/jms.com.bo\/mediamonitor\/wp-json\/wp\/v2\/users\/1"}],"replies":[{"embeddable":true,"href":"https:\/\/jms.com.bo\/mediamonitor\/wp-json\/wp\/v2\/comments?post=40378"}],"version-history":[{"count":0,"href":"https:\/\/jms.com.bo\/mediamonitor\/wp-json\/wp\/v2\/posts\/40378\/revisions"}],"wp:featuredmedia":[{"embeddable":true,"href":"https:\/\/jms.com.bo\/mediamonitor\/wp-json\/wp\/v2\/media\/40376"}],"wp:attachment":[{"href":"https:\/\/jms.com.bo\/mediamonitor\/wp-json\/wp\/v2\/media?parent=40378"}],"wp:term":[{"taxonomy":"category","embeddable":true,"href":"https:\/\/jms.com.bo\/mediamonitor\/wp-json\/wp\/v2\/categories?post=40378"},{"taxonomy":"post_tag","embeddable":true,"href":"https:\/\/jms.com.bo\/mediamonitor\/wp-json\/wp\/v2\/tags?post=40378"}],"curies":[{"name":"wp","href":"https:\/\/api.w.org\/{rel}","templated":true}]}}