{"id":4038,"date":"2021-03-17T01:35:47","date_gmt":"2021-03-17T05:35:47","guid":{"rendered":"http:\/\/jms.com.bo\/mediamonitor\/?p=4038"},"modified":"2021-03-17T01:35:47","modified_gmt":"2021-03-17T05:35:47","slug":"cob-solicita-15-de-aumento-salarial-pero-admite-temor-por-la-coyuntura-politica","status":"publish","type":"post","link":"https:\/\/jms.com.bo\/mediamonitor\/2021\/03\/17\/cob-solicita-15-de-aumento-salarial-pero-admite-temor-por-la-coyuntura-politica\/","title":{"rendered":"COB solicita 15% de aumento salarial, pero admite temor por la coyuntura pol\u00edtica"},"content":{"rendered":"<p style=\"text-align: justify;\">La Central Obrera Boliviana (COB) solicita un incremento salarial de 15 por ciento al salario m\u00ednimo y 10 por ciento al haber b\u00e1sico. La entidad ya se reuni\u00f3 con el Ministerio de Econom\u00eda, dijo el ejecutivo de la Central Obrera Departamental (COD) de Cochabamba, Vicente C\u00f3rdova.<\/p>\n<p style=\"text-align: justify;\">\u201cEse es el pedido de la COB, que fue aprobado por la COD y ya se lo hizo conocer al Gobierno. Hasta la semana pasada los dirigentes de la COB estaban reunidos con el Ministerio de Econom\u00eda\u201d, dijo.<\/p>\n<p style=\"text-align: justify;\">El representante indic\u00f3 que el siguiente mes ya deben salir algunos resultados. Sin embargo, asegur\u00f3 que el sector est\u00e1 preocupado y teme que la coyuntura pol\u00edtica afecte su demanda.<\/p>\n<p style=\"text-align: justify;\">\u201cSabemos que estamos en una crisis y eso preocupa. Todo podr\u00eda afectar nuestro pedido. Estamos en tiempos dif\u00edciles, no hemos salido de la crisis de salud y econ\u00f3mica. Esperamos la respuesta, pero tememos que esta crisis pol\u00edtica afecte nuestro pedido\u201d, agreg\u00f3 el ejecutivo.<\/p>\n<p style=\"text-align: justify;\">El secretario ejecutivo de la COB, Juan Carlos Huarachi, inform\u00f3 semanas atr\u00e1s que el debate sobre el posible incremento salarial qued\u00f3 postergado hasta despu\u00e9s de las elecciones subnacionales.<\/p>\n<p style=\"text-align: justify;\">La semana pasada, el ejecutivo de la Federaci\u00f3n Departamental de Fabriles de La Paz, Mario Segundo, indic\u00f3 que su sector no renunciar\u00e1 al incremento de esta gesti\u00f3n.<\/p>\n<p style=\"text-align: justify;\">Adelant\u00f3 que la propuesta de los fabriles es el incremento del 15 por ciento al salario m\u00ednimo.<\/p>\n<p style=\"text-align: justify;\">En 2020 no hubo aumento salarial por la pandemia.<\/p>\n","protected":false},"excerpt":{"rendered":"<p>La Central Obrera Boliviana (COB) solicita un incremento salarial de 15 por ciento al salario m\u00ednimo y 10 por ciento al haber b\u00e1sico. La entidad ya se reuni\u00f3 con el Ministerio de Econom\u00eda, dijo el ejecutivo de la Central Obrera Departamental (COD) de Cochabamba, Vicente C\u00f3rdova. \u201cEse es el pedido de la COB, que fue [&hellip;]<\/p>\n","protected":false},"author":4,"featured_media":4039,"comment_status":"open","ping_status":"open","sticky":false,"template":"","format":"standard","meta":{"footnotes":""},"categories":[20],"tags":[],"class_list":["post-4038","post","type-post","status-publish","format-standard","has-post-thumbnail","category-actualidad"],"_links":{"self":[{"href":"https:\/\/jms.com.bo\/mediamonitor\/wp-json\/wp\/v2\/posts\/4038","targetHints":{"allow":["GET"]}}],"collection":[{"href":"https:\/\/jms.com.bo\/mediamonitor\/wp-json\/wp\/v2\/posts"}],"about":[{"href":"https:\/\/jms.com.bo\/mediamonitor\/wp-json\/wp\/v2\/types\/post"}],"author":[{"embeddable":true,"href":"https:\/\/jms.com.bo\/mediamonitor\/wp-json\/wp\/v2\/users\/4"}],"replies":[{"embeddable":true,"href":"https:\/\/jms.com.bo\/mediamonitor\/wp-json\/wp\/v2\/comments?post=4038"}],"version-history":[{"count":1,"href":"https:\/\/jms.com.bo\/mediamonitor\/wp-json\/wp\/v2\/posts\/4038\/revisions"}],"predecessor-version":[{"id":4040,"href":"https:\/\/jms.com.bo\/mediamonitor\/wp-json\/wp\/v2\/posts\/4038\/revisions\/4040"}],"wp:featuredmedia":[{"embeddable":true,"href":"https:\/\/jms.com.bo\/mediamonitor\/wp-json\/wp\/v2\/media\/4039"}],"wp:attachment":[{"href":"https:\/\/jms.com.bo\/mediamonitor\/wp-json\/wp\/v2\/media?parent=4038"}],"wp:term":[{"taxonomy":"category","embeddable":true,"href":"https:\/\/jms.com.bo\/mediamonitor\/wp-json\/wp\/v2\/categories?post=4038"},{"taxonomy":"post_tag","embeddable":true,"href":"https:\/\/jms.com.bo\/mediamonitor\/wp-json\/wp\/v2\/tags?post=4038"}],"curies":[{"name":"wp","href":"https:\/\/api.w.org\/{rel}","templated":true}]}}