{"id":40384,"date":"2022-12-23T07:47:45","date_gmt":"2022-12-23T11:47:45","guid":{"rendered":"https:\/\/jms.com.bo\/mediamonitor\/2022\/12\/23\/plan-de-respuesta-a-la-sequia-doto-de-agua-a-mas-de-150-municipios-afectados\/"},"modified":"2022-12-23T07:47:45","modified_gmt":"2022-12-23T11:47:45","slug":"plan-de-respuesta-a-la-sequia-doto-de-agua-a-mas-de-150-municipios-afectados","status":"publish","type":"post","link":"https:\/\/jms.com.bo\/mediamonitor\/2022\/12\/23\/plan-de-respuesta-a-la-sequia-doto-de-agua-a-mas-de-150-municipios-afectados\/","title":{"rendered":"Plan de Respuesta a la Sequ\u00eda dot\u00f3 de agua a m\u00e1s de 150 municipios afectados"},"content":{"rendered":"<p><strong>La Paz, 21 de diciembre de 2022 (ABI). \u2013<\/strong>\u00a0El Plan Plurinacional de Respuesta Inmediata a la Sequ\u00eda dot\u00f3 de agua a m\u00e1s de 150 municipios afectados por ese evento clim\u00e1tico, inform\u00f3 este mi\u00e9rcoles el viceministro de Desarrollo Rural, \u00c1lvaro Mollinedo.<\/p>\n<p>En contacto con los periodistas, el viceministro indic\u00f3 que seg\u00fan el \u00faltimo reporte, la sequ\u00eda afect\u00f3 a m\u00e1s de 160.000 familias productoras y 200.000 hect\u00e1reas (ha) de cultivos, de las cuales cerca de 20.000 ha fueron dadas por perdidas.<\/p>\n<p>Pero eso no es todo, ese fen\u00f3meno clim\u00e1tico tambi\u00e9n ocasion\u00f3 la p\u00e9rdida de cerca de un mill\u00f3n de cabezas de ganados, entre ellos bovino, porcino, cam\u00e9lidos y ovino.<\/p>\n<p>Ante ello, el Gobierno activ\u00f3 el Plan Plurinacional de Respuesta Inmediata a la Sequ\u00eda, mediante el cual dot\u00f3 a las familias afectadas tanques de almacenamiento de agua y adquiri\u00f3 cisternas de modo que no falte el l\u00edquido vital.<\/p>\n<p>\u201cHemos alcanzado ya a m\u00e1s de 150 municipios que han sido afectados\u201d, dijo a los periodistas.<\/p>\n<p>A\u00f1adi\u00f3 que, hasta la fecha, mediante este plan nacional se atendi\u00f3 a alrededor de 23.000 familias productoras no s\u00f3lo con la dotaci\u00f3n de agua, sino tambi\u00e9n con semillas, abonos, fertilizantes y otros insumos.<\/p>\n<p>Ante los fen\u00f3menos clim\u00e1ticos, el presidente Luis Arce instruy\u00f3 a los ministerios de Desarrollo Rural y Tierras y de Medio Ambiente y Agua trabajar en los proyectos de preinversi\u00f3n para el aprovechamiento de agua de las cordilleras y de este modo hacer frente a la sequ\u00eda.<\/p>\n<p>Con ello, la finalidad del Gobierno es tener grandes represas, atajados y trasvases de agua que se conecten con las zonas de producci\u00f3n para ya no depender de las lluvias, seg\u00fan datos del Ministerio de Desarrollo Rural y Tierras.<\/p>\n<p>El titular de esa cartera, Remmy Gonzales, inform\u00f3 el 30 de noviembre, que el Plan Plurinacional de Respuesta Inmediata a la Sequ\u00eda garantizar\u00e1 provisi\u00f3n de agua para consumo humano, riego y ganader\u00eda en 153 municipios.<\/p>\n<p>MC\/MC<\/p>\n","protected":false},"excerpt":{"rendered":"<p>La Paz, 21 de diciembre de 2022 (ABI). \u2013\u00a0El Plan Plurinacional de Respuesta Inmediata a la Sequ\u00eda dot\u00f3 de agua a m\u00e1s de 150 municipios afectados por ese evento clim\u00e1tico, inform\u00f3 este mi\u00e9rcoles el viceministro de Desarrollo Rural, \u00c1lvaro Mollinedo. En contacto con los periodistas, el viceministro indic\u00f3 que seg\u00fan el \u00faltimo reporte, la sequ\u00eda [&hellip;]<\/p>\n","protected":false},"author":1,"featured_media":40382,"comment_status":"open","ping_status":"open","sticky":false,"template":"","format":"standard","meta":{"footnotes":""},"categories":[52],"tags":[],"class_list":{"0":"post-40384","1":"post","2":"type-post","3":"status-publish","4":"format-standard","5":"has-post-thumbnail","7":"category-alimentos-agroindustria"},"_links":{"self":[{"href":"https:\/\/jms.com.bo\/mediamonitor\/wp-json\/wp\/v2\/posts\/40384","targetHints":{"allow":["GET"]}}],"collection":[{"href":"https:\/\/jms.com.bo\/mediamonitor\/wp-json\/wp\/v2\/posts"}],"about":[{"href":"https:\/\/jms.com.bo\/mediamonitor\/wp-json\/wp\/v2\/types\/post"}],"author":[{"embeddable":true,"href":"https:\/\/jms.com.bo\/mediamonitor\/wp-json\/wp\/v2\/users\/1"}],"replies":[{"embeddable":true,"href":"https:\/\/jms.com.bo\/mediamonitor\/wp-json\/wp\/v2\/comments?post=40384"}],"version-history":[{"count":0,"href":"https:\/\/jms.com.bo\/mediamonitor\/wp-json\/wp\/v2\/posts\/40384\/revisions"}],"wp:featuredmedia":[{"embeddable":true,"href":"https:\/\/jms.com.bo\/mediamonitor\/wp-json\/wp\/v2\/media\/40382"}],"wp:attachment":[{"href":"https:\/\/jms.com.bo\/mediamonitor\/wp-json\/wp\/v2\/media?parent=40384"}],"wp:term":[{"taxonomy":"category","embeddable":true,"href":"https:\/\/jms.com.bo\/mediamonitor\/wp-json\/wp\/v2\/categories?post=40384"},{"taxonomy":"post_tag","embeddable":true,"href":"https:\/\/jms.com.bo\/mediamonitor\/wp-json\/wp\/v2\/tags?post=40384"}],"curies":[{"name":"wp","href":"https:\/\/api.w.org\/{rel}","templated":true}]}}