{"id":4041,"date":"2021-03-17T01:39:46","date_gmt":"2021-03-17T05:39:46","guid":{"rendered":"http:\/\/jms.com.bo\/mediamonitor\/?p=4041"},"modified":"2021-03-17T01:39:46","modified_gmt":"2021-03-17T05:39:46","slug":"bolivia-amplia-la-suspension-de-vuelos-procedentes-de-europa-hasta-el-31-de-mayo","status":"publish","type":"post","link":"https:\/\/jms.com.bo\/mediamonitor\/2021\/03\/17\/bolivia-amplia-la-suspension-de-vuelos-procedentes-de-europa-hasta-el-31-de-mayo\/","title":{"rendered":"Bolivia ampl\u00eda la suspensi\u00f3n de vuelos procedentes de Europa hasta el 31 de mayo"},"content":{"rendered":"<p style=\"text-align: justify;\">Bolivia ampli\u00f3 este martes la suspensi\u00f3n del ingreso de vuelos provenientes desde Europa hasta el 31 de mayo, de acuerdo al Decreto Supremo 4473, publicado ayer en la Gaceta Oficial del Estado.<\/p>\n<p style=\"text-align: justify;\">La disposici\u00f3n se\u00f1ala que \u201cse ampl\u00eda el plazo dispuesto en el Art\u00edculo 2 y el inciso c) del art\u00edculo 3 del Decreto Supremo N\u00ba 4430, de 23 de diciembre de 2020, modificado por los Decretos Supremos N\u00ba 4443, de 6 de enero de 2021 y N\u00b0 4464, de 10 de febrero de 2021, hasta el 31 de mayo de 2021\u201d.<\/p>\n<p style=\"text-align: justify;\">Se trata de la tercera extensi\u00f3n de la disposici\u00f3n emitida por la administraci\u00f3n de Luis Arce, que en diciembre de 2020 opt\u00f3 por restringir las conexiones a\u00e9reas para evitar el ingreso de nuevas cepas del Covid-19.<\/p>\n<p style=\"text-align: justify;\">Al momento el pa\u00eds se encuentra en una desescalada de la segunda ola de contagios, a la par de realizarse una vacunaci\u00f3n a personal sanitario y poblaci\u00f3n con enfermedades de base, mientras se espera el arribo de nuevas dosis de vacunas.<\/p>\n","protected":false},"excerpt":{"rendered":"<p>Bolivia ampli\u00f3 este martes la suspensi\u00f3n del ingreso de vuelos provenientes desde Europa hasta el 31 de mayo, de acuerdo al Decreto Supremo 4473, publicado ayer en la Gaceta Oficial del Estado. La disposici\u00f3n se\u00f1ala que \u201cse ampl\u00eda el plazo dispuesto en el Art\u00edculo 2 y el inciso c) del art\u00edculo 3 del Decreto Supremo [&hellip;]<\/p>\n","protected":false},"author":4,"featured_media":4042,"comment_status":"open","ping_status":"open","sticky":false,"template":"","format":"standard","meta":{"footnotes":""},"categories":[20],"tags":[],"class_list":["post-4041","post","type-post","status-publish","format-standard","has-post-thumbnail","category-actualidad"],"_links":{"self":[{"href":"https:\/\/jms.com.bo\/mediamonitor\/wp-json\/wp\/v2\/posts\/4041","targetHints":{"allow":["GET"]}}],"collection":[{"href":"https:\/\/jms.com.bo\/mediamonitor\/wp-json\/wp\/v2\/posts"}],"about":[{"href":"https:\/\/jms.com.bo\/mediamonitor\/wp-json\/wp\/v2\/types\/post"}],"author":[{"embeddable":true,"href":"https:\/\/jms.com.bo\/mediamonitor\/wp-json\/wp\/v2\/users\/4"}],"replies":[{"embeddable":true,"href":"https:\/\/jms.com.bo\/mediamonitor\/wp-json\/wp\/v2\/comments?post=4041"}],"version-history":[{"count":1,"href":"https:\/\/jms.com.bo\/mediamonitor\/wp-json\/wp\/v2\/posts\/4041\/revisions"}],"predecessor-version":[{"id":4043,"href":"https:\/\/jms.com.bo\/mediamonitor\/wp-json\/wp\/v2\/posts\/4041\/revisions\/4043"}],"wp:featuredmedia":[{"embeddable":true,"href":"https:\/\/jms.com.bo\/mediamonitor\/wp-json\/wp\/v2\/media\/4042"}],"wp:attachment":[{"href":"https:\/\/jms.com.bo\/mediamonitor\/wp-json\/wp\/v2\/media?parent=4041"}],"wp:term":[{"taxonomy":"category","embeddable":true,"href":"https:\/\/jms.com.bo\/mediamonitor\/wp-json\/wp\/v2\/categories?post=4041"},{"taxonomy":"post_tag","embeddable":true,"href":"https:\/\/jms.com.bo\/mediamonitor\/wp-json\/wp\/v2\/tags?post=4041"}],"curies":[{"name":"wp","href":"https:\/\/api.w.org\/{rel}","templated":true}]}}