{"id":40434,"date":"2022-12-26T07:04:22","date_gmt":"2022-12-26T11:04:22","guid":{"rendered":"https:\/\/jms.com.bo\/mediamonitor\/2022\/12\/26\/el-oncologico-de-tarija-no-avanza-responsabilizan-a-la-upre\/"},"modified":"2022-12-26T07:04:22","modified_gmt":"2022-12-26T11:04:22","slug":"el-oncologico-de-tarija-no-avanza-responsabilizan-a-la-upre","status":"publish","type":"post","link":"https:\/\/jms.com.bo\/mediamonitor\/2022\/12\/26\/el-oncologico-de-tarija-no-avanza-responsabilizan-a-la-upre\/","title":{"rendered":"El Oncol\u00f3gico de Tarija no avanza, responsabilizan a la UPRE"},"content":{"rendered":"<p style=\"text-align: justify;\">En lo que va de la gesti\u00f3n 2022, el Hospital Oncol\u00f3gico no ha registrado ning\u00fan avance, los trabajos han sido paralizados desde octubre del 2021, y en febrero de este a\u00f1o se elevaron los \u00faltimos informes de este proyecto. De momento, la informaci\u00f3n no es clara, pero la Gobernaci\u00f3n asegura que la Unidad de Proyectos Especiales (UPRE) ha rescindido contrato, aunque asamble\u00edstas del Movimiento al Socialismo (MAS) se\u00f1alan que esto todav\u00eda sigue siendo objeto de an\u00e1lisis por parte del Gobierno Nacional.<\/p>\n<p style=\"text-align: justify;\">La informaci\u00f3n que se maneja sobre el avance f\u00edsico del proyecto es contradictoria. En octubre de este a\u00f1o, era la secretaria de Obras P\u00fablicas de la Gobernaci\u00f3n, Sandra Zubieta, quien aseguraba que la obra apenas alcanzaba un 50% de avance.<\/p>\n<p style=\"text-align: justify;\">Sin embargo, en una reciente inspecci\u00f3n que ha realizado la asamble\u00edsta departamental por el MAS, Marina Hoyos, los t\u00e9cnicos de la UPRE estiman que el avance est\u00e1 pr\u00f3ximo al 60%.<\/p>\n<p style=\"text-align: justify;\">En lo que respecta el avance financiero, la Gobernaci\u00f3n aseguraba que de los 95.245.831,70 bolivianos que les corresponde pagar (60,21% del costo total del proyecto), se han pagado planillas por un monto de 63,3 millones de bolivianos. De esto, 55,7 millones se destin\u00f3 para la obra y 7,6 millones para la supervisi\u00f3n. El saldo por pagar es de 31,9 millones de bolivianos.<\/p>\n<p style=\"text-align: justify;\">En lo que respecta al 39,79% de contraparte que corresponde pagar al Gobierno Nacional a trav\u00e9s de la UPRE, lo que se traduce en 62.934.879 bolivianos, se desconoce cu\u00e1nto ya ha sido desembolsado.<\/p>\n<p style=\"text-align: justify;\">Sin embargo, la asamble\u00edsta Hoyos, sin brindar detalles, asegura que tanto la Gobernaci\u00f3n como la UPRE han cumplido con el pago de las planillas de avance del proyecto.<\/p>\n<p style=\"text-align: justify;\">\u201cEsto significa que el proyecto todav\u00eda tiene su presupuesto para poder ejecutar y continuar con la construcci\u00f3n que falta much\u00edsimo todav\u00eda\u201d, afirm\u00f3.<\/p>\n<p style=\"text-align: justify;\">\u00bfContrato rescindido?<\/p>\n<p style=\"text-align: justify;\">Voces, como la secretaria de Desarrollo Humano de la Gobernaci\u00f3n, Mar\u00eda Lourdes Vaca, y la asamble\u00edsta departamental por el MAS, Romina Salazar, aseguran que la UPRE ha rescindido contrato con la empresa Construmat Ltda. que es la ejecutora del proyecto del Oncol\u00f3gico.<\/p>\n<p style=\"text-align: justify;\">Sin embargo, la asamble\u00edsta Hoyos se\u00f1ala que de momento se tiene la solicitud de la empresa que pide una ampliaci\u00f3n del plazo de ejecuci\u00f3n del proyecto, pero que esa situaci\u00f3n a\u00fan est\u00e1 siendo objeto de an\u00e1lisis por parte del Gobierno Nacional.<\/p>\n<p style=\"text-align: justify;\">\u201cSe ha paralizado esta obra desde la llegada de la pandemia del Covid-19, luego se retomaron los trabajos, pero ya hace varios meses que nuevamente se ha vuelto a paralizar por falta de una ampliaci\u00f3n de plazo que ha solicitado la empresa y esa ampliaci\u00f3n de plazo depende del Gobierno Nacional, ah\u00ed es donde est\u00e1 trancado esto y no se est\u00e1 pudiendo avanzar\u201d, indic\u00f3.<\/p>\n<p style=\"text-align: justify;\">Hoyos argument\u00f3 que el anuncio de recisi\u00f3n de contrato es solo un \u201crumor\u201d y que no se ha formalizado nada.<\/p>\n<p style=\"text-align: justify;\">La Asamblea gestiona la continuidad del proyecto<\/p>\n<p style=\"text-align: justify;\">Con la finalidad que este proyecto no quede paralizado, la asamble\u00edsta, Marina Hoyos, se\u00f1al\u00f3 que desde la Comisi\u00f3n de Desarrollo Humano de la Asamblea Legislativa Departamental de Tarija (ALDT) se han propuesto realizar las gestiones tanto con la UPRE y la Gobernaci\u00f3n para que se pueda dar continuidad a este proyecto y no quede paralizado.<\/p>\n<p style=\"text-align: justify;\">\u201cLa UPRE nos ha facilitado toda la informaci\u00f3n del proyecto, nos falta una informaci\u00f3n que necesitamos de la Gobernaci\u00f3n, vamos a pedir que nos puedan ampliar los datos para tener un informe claro y concreto\u201d, enfatiz\u00f3.<\/p>\n<p style=\"text-align: justify;\">Sobre este tema, El Pa\u00eds busc\u00f3 contactar con Marcelo G\u00f3mez, el responsable de la UPRE en Tarija, sin embargo, no se ha podido obtener informaci\u00f3n alguna.<\/p>\n<p style=\"text-align: justify;\">Cabe recordar, que hace un par de semanas atr\u00e1s, era la secretaria de Desarrollo Humano, Mar\u00eda Lourdes Vaca, quien afirmaba que la Gobernaci\u00f3n hab\u00eda cumplido con el pago de planillas por este proyecto.<\/p>\n<p style=\"text-align: justify;\">\u201cEsta es una obra que est\u00e1 paralizada, es una obra que no tiene previsto el equipamiento y encima la infraestructura no est\u00e1 concluida. Para que se pueda concluir debe haber una inserci\u00f3n de recursos a nivel nacional y se tiene que comprar el acelerador lineal que es un equipo de alta gama de tratamiento para el c\u00e1ncer, si no se compra esto primero, no se puede acabar la infraestructura, porque hay que acondicionar un bunker para este equipo que produce alta radiaci\u00f3n\u201d, indic\u00f3.<\/p>\n<p style=\"text-align: justify;\">Vaca lament\u00f3 la discriminaci\u00f3n que existe con Tarija, haciendo menci\u00f3n a que en otros departamentos el Gobierno ha tomado la decisi\u00f3n de concluir con los hospitales oncol\u00f3gicos, pero no as\u00ed con el que se construye en la capital chapaca.<\/p>\n<p style=\"text-align: justify;\">La autoridad se\u00f1al\u00f3 que han visitado en reiteradas ocasiones al Ministerio de Salud en La Paz, donde argumentan que el Oncol\u00f3gico si avanzar\u00e1 y apoyar\u00e1 con equipamiento, pero no con el Materno Infantil<\/p>\n","protected":false},"excerpt":{"rendered":"<p>En lo que va de la gesti\u00f3n 2022, el Hospital Oncol\u00f3gico no ha registrado ning\u00fan avance, los trabajos han sido paralizados desde octubre del 2021, y en febrero de este a\u00f1o se elevaron los \u00faltimos informes de este proyecto. De momento, la informaci\u00f3n no es clara, pero la Gobernaci\u00f3n asegura que la Unidad de Proyectos [&hellip;]<\/p>\n","protected":false},"author":4,"featured_media":40435,"comment_status":"open","ping_status":"open","sticky":false,"template":"","format":"standard","meta":{"footnotes":""},"categories":[53],"tags":[],"class_list":{"0":"post-40434","1":"post","2":"type-post","3":"status-publish","4":"format-standard","5":"has-post-thumbnail","7":"category-salud"},"_links":{"self":[{"href":"https:\/\/jms.com.bo\/mediamonitor\/wp-json\/wp\/v2\/posts\/40434","targetHints":{"allow":["GET"]}}],"collection":[{"href":"https:\/\/jms.com.bo\/mediamonitor\/wp-json\/wp\/v2\/posts"}],"about":[{"href":"https:\/\/jms.com.bo\/mediamonitor\/wp-json\/wp\/v2\/types\/post"}],"author":[{"embeddable":true,"href":"https:\/\/jms.com.bo\/mediamonitor\/wp-json\/wp\/v2\/users\/4"}],"replies":[{"embeddable":true,"href":"https:\/\/jms.com.bo\/mediamonitor\/wp-json\/wp\/v2\/comments?post=40434"}],"version-history":[{"count":0,"href":"https:\/\/jms.com.bo\/mediamonitor\/wp-json\/wp\/v2\/posts\/40434\/revisions"}],"wp:featuredmedia":[{"embeddable":true,"href":"https:\/\/jms.com.bo\/mediamonitor\/wp-json\/wp\/v2\/media\/40435"}],"wp:attachment":[{"href":"https:\/\/jms.com.bo\/mediamonitor\/wp-json\/wp\/v2\/media?parent=40434"}],"wp:term":[{"taxonomy":"category","embeddable":true,"href":"https:\/\/jms.com.bo\/mediamonitor\/wp-json\/wp\/v2\/categories?post=40434"},{"taxonomy":"post_tag","embeddable":true,"href":"https:\/\/jms.com.bo\/mediamonitor\/wp-json\/wp\/v2\/tags?post=40434"}],"curies":[{"name":"wp","href":"https:\/\/api.w.org\/{rel}","templated":true}]}}