{"id":4044,"date":"2021-03-17T01:41:27","date_gmt":"2021-03-17T05:41:27","guid":{"rendered":"http:\/\/jms.com.bo\/mediamonitor\/?p=4044"},"modified":"2021-03-17T01:41:27","modified_gmt":"2021-03-17T05:41:27","slug":"bolivia-registra-23-decesos-y-929-nuevos-casos-de-covid-19","status":"publish","type":"post","link":"https:\/\/jms.com.bo\/mediamonitor\/2021\/03\/17\/bolivia-registra-23-decesos-y-929-nuevos-casos-de-covid-19\/","title":{"rendered":"Bolivia registra 23 decesos y 929 nuevos casos de Covid-19"},"content":{"rendered":"<p style=\"text-align: justify;\">La jornada de este martes, Bolivia registr\u00f3 929 nuevos casos positivos de Covid-19 luego de realizar 7.160 pruebas, seg\u00fan inform\u00f3 el Ministerio de Salud y Deportes. Adem\u00e1s, se lament\u00f3 la muerte de 23 personas a causa de esta enfermedad.<\/p>\n<p style=\"text-align: justify;\">Con estos nuevos registros, nuestro pa\u00eds acumula un total de 260.998 contagios desde que se inici\u00f3 la pandemia en marzo de 2020. Actualmente existen 42.405 casos activos de coronavirus.<\/p>\n<p style=\"text-align: justify;\">Seg\u00fan el reporte emitido por la Direcci\u00f3n Nacional de Epidemiolog\u00eda Santa Cruz contin\u00faa siendo el departamento m\u00e1s afectado por la pandemia, con 425 de los 929 enfermos detectados hoy. Le sigue La Paz con 108, Tarija con 92, Cochabamba con 86 y Beni con 79. Adem\u00e1s, existen 47 positivos en Oruro, 42 en Potos\u00ed, 34 en Chuquisaca y 16 en Pando.<\/p>\n<p style=\"text-align: justify;\">Este martes, tambi\u00e9n 958 pacientes vencieron el Covid-19 y recibieron su alta m\u00e9dica, logrando subir el n\u00famero de recuperados a 206.586. Mientras que se lament\u00f3 la muerte de 23 personas, ascendiendo a 11.997 el total de decesos.<\/p>\n<p style=\"text-align: justify;\">Mediante la l\u00ednea gratuita de atenci\u00f3n 800 10 1104 se realiza el monitoreo de 1.825 personas que se encuentran con sospecha de portar la enfermedad.<\/p>\n","protected":false},"excerpt":{"rendered":"<p>La jornada de este martes, Bolivia registr\u00f3 929 nuevos casos positivos de Covid-19 luego de realizar 7.160 pruebas, seg\u00fan inform\u00f3 el Ministerio de Salud y Deportes. Adem\u00e1s, se lament\u00f3 la muerte de 23 personas a causa de esta enfermedad. Con estos nuevos registros, nuestro pa\u00eds acumula un total de 260.998 contagios desde que se inici\u00f3 [&hellip;]<\/p>\n","protected":false},"author":4,"featured_media":4045,"comment_status":"open","ping_status":"open","sticky":false,"template":"","format":"standard","meta":{"footnotes":""},"categories":[20,47,48],"tags":[],"class_list":["post-4044","post","type-post","status-publish","format-standard","has-post-thumbnail","category-actualidad","category-portada-actualidad","category-portada-general-sitio"],"_links":{"self":[{"href":"https:\/\/jms.com.bo\/mediamonitor\/wp-json\/wp\/v2\/posts\/4044","targetHints":{"allow":["GET"]}}],"collection":[{"href":"https:\/\/jms.com.bo\/mediamonitor\/wp-json\/wp\/v2\/posts"}],"about":[{"href":"https:\/\/jms.com.bo\/mediamonitor\/wp-json\/wp\/v2\/types\/post"}],"author":[{"embeddable":true,"href":"https:\/\/jms.com.bo\/mediamonitor\/wp-json\/wp\/v2\/users\/4"}],"replies":[{"embeddable":true,"href":"https:\/\/jms.com.bo\/mediamonitor\/wp-json\/wp\/v2\/comments?post=4044"}],"version-history":[{"count":1,"href":"https:\/\/jms.com.bo\/mediamonitor\/wp-json\/wp\/v2\/posts\/4044\/revisions"}],"predecessor-version":[{"id":4046,"href":"https:\/\/jms.com.bo\/mediamonitor\/wp-json\/wp\/v2\/posts\/4044\/revisions\/4046"}],"wp:featuredmedia":[{"embeddable":true,"href":"https:\/\/jms.com.bo\/mediamonitor\/wp-json\/wp\/v2\/media\/4045"}],"wp:attachment":[{"href":"https:\/\/jms.com.bo\/mediamonitor\/wp-json\/wp\/v2\/media?parent=4044"}],"wp:term":[{"taxonomy":"category","embeddable":true,"href":"https:\/\/jms.com.bo\/mediamonitor\/wp-json\/wp\/v2\/categories?post=4044"},{"taxonomy":"post_tag","embeddable":true,"href":"https:\/\/jms.com.bo\/mediamonitor\/wp-json\/wp\/v2\/tags?post=4044"}],"curies":[{"name":"wp","href":"https:\/\/api.w.org\/{rel}","templated":true}]}}