{"id":40440,"date":"2022-12-26T07:08:48","date_gmt":"2022-12-26T11:08:48","guid":{"rendered":"https:\/\/jms.com.bo\/mediamonitor\/2022\/12\/26\/precio-de-la-fibra-de-vicuna-llega-a-us-470-el-kilo\/"},"modified":"2022-12-26T07:08:48","modified_gmt":"2022-12-26T11:08:48","slug":"precio-de-la-fibra-de-vicuna-llega-a-us-470-el-kilo","status":"publish","type":"post","link":"https:\/\/jms.com.bo\/mediamonitor\/2022\/12\/26\/precio-de-la-fibra-de-vicuna-llega-a-us-470-el-kilo\/","title":{"rendered":"Precio de la fibra de vicu\u00f1a llega a $us 470 el kilo"},"content":{"rendered":"<p style=\"text-align: justify;\">Deseada por su fina textura, la fibra de Vicu\u00f1a lleg\u00f3 a cotizarse en $us 470 el kilo, revel\u00f3 el viceministro de Medio Ambiente, Biodiversidad, Cambios Clim\u00e1ticos y de Gesti\u00f3n y Desarrollo Forestal, Magin Herrera.<\/p>\n<p style=\"text-align: justify;\">Se han implementado \u201cplanes de manejo (para las vicu\u00f1as), se ha hecho planes de aprovechamiento, la fibra de Vicu\u00f1a hoy en d\u00eda cuesta 470 d\u00f3lares el kilo\u201d, indic\u00f3 Herrera.<\/p>\n<p style=\"text-align: justify;\">El precio est\u00e1 por encima del que se ten\u00eda en 2021. Ese a\u00f1o, el kilo de fibra se vendi\u00f3 en 450 $us, de acuerdo con datos publicados por el Ministerio de Medio Ambiente y Agua.<\/p>\n<p style=\"text-align: justify;\">La producci\u00f3n de lana de Vicu\u00f1a es una alternativa sustentable que brinda a las comunidades productoras un ingreso econ\u00f3mico importante y ayuda a la preservaci\u00f3n de estos ejemplares.<\/p>\n<p style=\"text-align: justify;\">Si bien en la d\u00e9cada de los ochenta la sobre explotaci\u00f3n de la Vicu\u00f1a redujo su poblaci\u00f3n a la mitad, esto fue revertido gracias a programas de protecci\u00f3n y planes estrictos de aprovechamiento en silvestri\u0301a.<\/p>\n<p style=\"text-align: justify;\">Bolivia cuida de este mam\u00edfero en el \u00c1rea Natural de Manejo Integrado Nacional (ANMIN) Apolobamba.<\/p>\n<p style=\"text-align: justify;\">En octubre de este a\u00f1o, la organizaci\u00f3n Wildlife Conservation Society (WCS), dedicada a la conservaci\u00f3n de la vida silvestre y los paisajes naturales, inform\u00f3 que en un censo realizado entre junio y julio de este 2022 se registraron 15.278 vicu\u00f1as, superior en 1.586 a los empadronados en 2021.<\/p>\n<p style=\"text-align: justify;\">El conteo fue realizado en ocho zonas y en las actividades participaron guardaparques del \u00e1rea protegida y representantes de las 18 comunidades, aglutinadas en la Asociaci\u00f3n Regional de Comunidades Manejadoras de Vicu\u00f1as de Apolobamba (ARCMVA).<\/p>\n<p style=\"text-align: justify;\">Apolobamba est\u00e1 ubicada a 4.300 metros de altura, zona caracterizada por la existencia de praderas y bofedales aptos para la crianza de cam\u00e9lidos altoandinos.<\/p>\n<p style=\"text-align: justify;\">Esta regi\u00f3n ha sido clasificada como una de las ocho unidades de conservaci\u00f3n de vicu\u00f1as en Bolivia y presenta la m\u00e1s alta densidad poblacional de la especie.<\/p>\n<p style=\"text-align: justify;\">La puna de Ulla Ulla form\u00f3 parte del antiguo territorio del se\u00f1or\u00edo Kallahuaya y actualmente est\u00e1n asentadas 27 comunidades que conforman la Asociaci\u00f3n Regional de Manejadores de la Vicu\u00f1a de Apolobamba.<\/p>\n","protected":false},"excerpt":{"rendered":"<p>Deseada por su fina textura, la fibra de Vicu\u00f1a lleg\u00f3 a cotizarse en $us 470 el kilo, revel\u00f3 el viceministro de Medio Ambiente, Biodiversidad, Cambios Clim\u00e1ticos y de Gesti\u00f3n y Desarrollo Forestal, Magin Herrera. Se han implementado \u201cplanes de manejo (para las vicu\u00f1as), se ha hecho planes de aprovechamiento, la fibra de Vicu\u00f1a hoy en [&hellip;]<\/p>\n","protected":false},"author":4,"featured_media":40441,"comment_status":"open","ping_status":"open","sticky":false,"template":"","format":"standard","meta":{"footnotes":""},"categories":[52],"tags":[],"class_list":{"0":"post-40440","1":"post","2":"type-post","3":"status-publish","4":"format-standard","5":"has-post-thumbnail","7":"category-alimentos-agroindustria"},"_links":{"self":[{"href":"https:\/\/jms.com.bo\/mediamonitor\/wp-json\/wp\/v2\/posts\/40440","targetHints":{"allow":["GET"]}}],"collection":[{"href":"https:\/\/jms.com.bo\/mediamonitor\/wp-json\/wp\/v2\/posts"}],"about":[{"href":"https:\/\/jms.com.bo\/mediamonitor\/wp-json\/wp\/v2\/types\/post"}],"author":[{"embeddable":true,"href":"https:\/\/jms.com.bo\/mediamonitor\/wp-json\/wp\/v2\/users\/4"}],"replies":[{"embeddable":true,"href":"https:\/\/jms.com.bo\/mediamonitor\/wp-json\/wp\/v2\/comments?post=40440"}],"version-history":[{"count":0,"href":"https:\/\/jms.com.bo\/mediamonitor\/wp-json\/wp\/v2\/posts\/40440\/revisions"}],"wp:featuredmedia":[{"embeddable":true,"href":"https:\/\/jms.com.bo\/mediamonitor\/wp-json\/wp\/v2\/media\/40441"}],"wp:attachment":[{"href":"https:\/\/jms.com.bo\/mediamonitor\/wp-json\/wp\/v2\/media?parent=40440"}],"wp:term":[{"taxonomy":"category","embeddable":true,"href":"https:\/\/jms.com.bo\/mediamonitor\/wp-json\/wp\/v2\/categories?post=40440"},{"taxonomy":"post_tag","embeddable":true,"href":"https:\/\/jms.com.bo\/mediamonitor\/wp-json\/wp\/v2\/tags?post=40440"}],"curies":[{"name":"wp","href":"https:\/\/api.w.org\/{rel}","templated":true}]}}