{"id":40442,"date":"2022-12-26T07:10:10","date_gmt":"2022-12-26T11:10:10","guid":{"rendered":"https:\/\/jms.com.bo\/mediamonitor\/2022\/12\/26\/una-intensa-granizada-acabo-con-los-cultivos-en-san-andres\/"},"modified":"2022-12-26T07:10:10","modified_gmt":"2022-12-26T11:10:10","slug":"una-intensa-granizada-acabo-con-los-cultivos-en-san-andres","status":"publish","type":"post","link":"https:\/\/jms.com.bo\/mediamonitor\/2022\/12\/26\/una-intensa-granizada-acabo-con-los-cultivos-en-san-andres\/","title":{"rendered":"Una intensa granizada acab\u00f3 con los cultivos en San Andr\u00e9s"},"content":{"rendered":"<p style=\"text-align: justify;\">La tarde del viernes 23 de diciembre, una intensa granizada, que dur\u00f3 alrededor de unos 40 minutos, ha destrozado cultivos agr\u00edcolas en las comunidades de San Andr\u00e9s y San Pedro de Sola, as\u00ed lo ha confirmado la Unidad de Gesti\u00f3n de Riesgos de la Alcald\u00eda de Tarija. Campesinos del lugar advierten que las p\u00e9rdidas van desde cultivos de ma\u00edz, papa, tomate y verduras.<\/p>\n<p style=\"text-align: justify;\">El responsable de la Unidad de Gesti\u00f3n de Riesgos (UGR), \u00c1lvaro Baldivieso, manifest\u00f3 que, tras haber recibido el reporte, se ha movilizado al equipo t\u00e9cnico del Municipio para realizar un recorrido en la zona de desastre. Sin embargo, se\u00f1al\u00f3 que a\u00fan no se han podido cuantificar las p\u00e9rdidas y que reci\u00e9n hasta el martes de la siguiente semana se tendr\u00e1 un informe final.<\/p>\n<p style=\"text-align: justify;\">Asimismo, El Pa\u00eds se contact\u00f3 con el director de Gesti\u00f3n de Riesgos de la Gobernaci\u00f3n, Reiner Figueroa, para conocer si existe el reporte de alguna otra comunidad que se haya visto afectada por la granizada, quien argument\u00f3 que al momento solo se tiene en las dos comunidades de la provincia Cercado, aunque no descart\u00f3 que este fen\u00f3meno haya afectado a algunas comunidades de M\u00e9ndez.<\/p>\n<p style=\"text-align: justify;\">Sobre este tema, el exdirigente campesino y comunario de San Andr\u00e9s, Luis Alfaro, detall\u00f3 que la granizada ha destrozado los maizales que justamente est\u00e1n en producci\u00f3n de choclo por estas fiestas de fin de a\u00f1o. Adem\u00e1s, da\u00f1\u00f3 a \u00e1rboles frutales como el durazno, manzana y ciruelos.<\/p>\n<p style=\"text-align: justify;\">\u201cLa mayor\u00eda de los cultivos de papa ya estaban en cosecha, ah\u00ed que no afecta mucho, pero algunos cultivos que todav\u00eda estaban en temporada de carpir se han visto afectados. Otra cosa, es que la gente estaba poniendo tomate, frutilla, pese a tenerlos protegidos con malla antigranizo, el viento igual lo ha destrozado\u201d, afirm\u00f3.<\/p>\n<p style=\"text-align: justify;\">Alfaro explic\u00f3 que los cultivos agr\u00edcolas que se han salvado de las heladas, ahora han sido azotados con esta granizada. Hizo \u00e9nfasis que el pasado jueves ya se hab\u00eda registrado una granizada por la serran\u00eda de Sama, pero un d\u00eda despu\u00e9s ya afect\u00f3 a la zona de San Andr\u00e9s y comunidades aleda\u00f1as.<\/p>\n<p style=\"text-align: justify;\">\u201cLo que estamos viviendo son efectos de cambio clim\u00e1tico. Hay un descontrol total del sistema estacional, no sabemos cu\u00e1ndo va ser invierno o cu\u00e1ndo verano y lo peor es que no sabemos lo que se vendr\u00e1, porque cualquier rato le tira sus lluvias torrenciales, hay riadas, inundaciones y tanta cosa\u201d, dijo.<\/p>\n<p style=\"text-align: justify;\">El exdirigente campesino hizo menci\u00f3n que estos fen\u00f3menos climatol\u00f3gicos est\u00e1n afectando a las comunidades campesinas, refiri\u00f3 que solo hace unas tres semanas atr\u00e1s, un fen\u00f3meno similar aconteci\u00f3 en la comunidad de Yesera y zonas aleda\u00f1as. Lament\u00f3 que las autoridades no est\u00e9n viabilizando una atenci\u00f3n oportuna para el sector campesino, m\u00e1s ahora que se encuentran en temporada de siembra.<\/p>\n<p style=\"text-align: justify;\">Advierten encarecimiento de los productos agr\u00edcolas<\/p>\n<p style=\"text-align: justify;\">Tanto el exdirigente campesino, Luis Alfaro, como la concejal municipal de Cercado, Marcela Guerrero, han coincidido al afirmar que este tipo de fen\u00f3menos encarecer\u00e1n los productos agr\u00edcolas que son parte de la canasta b\u00e1sica familiar.<\/p>\n<p style=\"text-align: justify;\">\u201cLa gente de la ciudad es la que va sufrir, el choclo, la papa, tomate, nuevamente se va poner caro, porque hemos visto que las granizadas no solo son en Tarija, tambi\u00e9n ha habido en los Cintis, entonces eso tambi\u00e9n repercute en el mercado local\u201d, mencion\u00f3 Alfaro.<\/p>\n<p style=\"text-align: justify;\">Agreg\u00f3 que el sector campesino, como sea podr\u00e1 tener acceso a productos agr\u00edcolas que producen en sus parcelas, pero advirti\u00f3 que, de continuar con este tipo de fen\u00f3menos climatol\u00f3gicos, va generar un desabastecimiento.<\/p>\n<p style=\"text-align: justify;\">A su turno, la concejal Guerrero mencion\u00f3 que como sector campesino siempre aguardan que las primeras lluvias sean torrenciales e incluso con granizo, y que para este a\u00f1o incluso han tratado de dotar bombas antigranizo a las 10 subcentrales campesinas de Cercado, hecho que no ha tenido la efectividad esperada.<\/p>\n<p style=\"text-align: justify;\">\u201cEl tema de las granizadas es un tema que nos pone alerta a todas las comunidades campesinas, no es lo mismo que a\u00f1os anteriores\u201d, afirm\u00f3.<\/p>\n<p style=\"text-align: justify;\">En complemento, Alfaro carg\u00f3 contra la dirigencia campesina departamental, haciendo menci\u00f3n que durante esta gesti\u00f3n se ha evidenciado grandes p\u00e9rdidas por inundaciones, heladas, sequ\u00edas y granizadas, pero que no han visto hacer las gestiones respectivas ante el nivel municipal, departamental o nacional, para apoyar a las familias afectadas.<\/p>\n<p style=\"text-align: justify;\">\u201cLa dirigencia est\u00e1 m\u00e1s abocada a la actividad pol\u00edtica partidaria, porque no tienen noci\u00f3n, visi\u00f3n de lo que est\u00e1 pasando en el campo. No vemos propuestas, no hay un pliego petitorio a las autoridades, y las autoridades tambi\u00e9n est\u00e1n chochos con sus dirigentes, pero tienen a los campesinos abandonados\u201d, expuso.<\/p>\n","protected":false},"excerpt":{"rendered":"<p>La tarde del viernes 23 de diciembre, una intensa granizada, que dur\u00f3 alrededor de unos 40 minutos, ha destrozado cultivos agr\u00edcolas en las comunidades de San Andr\u00e9s y San Pedro de Sola, as\u00ed lo ha confirmado la Unidad de Gesti\u00f3n de Riesgos de la Alcald\u00eda de Tarija. Campesinos del lugar advierten que las p\u00e9rdidas van [&hellip;]<\/p>\n","protected":false},"author":4,"featured_media":40443,"comment_status":"open","ping_status":"open","sticky":false,"template":"","format":"standard","meta":{"footnotes":""},"categories":[52],"tags":[],"class_list":{"0":"post-40442","1":"post","2":"type-post","3":"status-publish","4":"format-standard","5":"has-post-thumbnail","7":"category-alimentos-agroindustria"},"_links":{"self":[{"href":"https:\/\/jms.com.bo\/mediamonitor\/wp-json\/wp\/v2\/posts\/40442","targetHints":{"allow":["GET"]}}],"collection":[{"href":"https:\/\/jms.com.bo\/mediamonitor\/wp-json\/wp\/v2\/posts"}],"about":[{"href":"https:\/\/jms.com.bo\/mediamonitor\/wp-json\/wp\/v2\/types\/post"}],"author":[{"embeddable":true,"href":"https:\/\/jms.com.bo\/mediamonitor\/wp-json\/wp\/v2\/users\/4"}],"replies":[{"embeddable":true,"href":"https:\/\/jms.com.bo\/mediamonitor\/wp-json\/wp\/v2\/comments?post=40442"}],"version-history":[{"count":0,"href":"https:\/\/jms.com.bo\/mediamonitor\/wp-json\/wp\/v2\/posts\/40442\/revisions"}],"wp:featuredmedia":[{"embeddable":true,"href":"https:\/\/jms.com.bo\/mediamonitor\/wp-json\/wp\/v2\/media\/40443"}],"wp:attachment":[{"href":"https:\/\/jms.com.bo\/mediamonitor\/wp-json\/wp\/v2\/media?parent=40442"}],"wp:term":[{"taxonomy":"category","embeddable":true,"href":"https:\/\/jms.com.bo\/mediamonitor\/wp-json\/wp\/v2\/categories?post=40442"},{"taxonomy":"post_tag","embeddable":true,"href":"https:\/\/jms.com.bo\/mediamonitor\/wp-json\/wp\/v2\/tags?post=40442"}],"curies":[{"name":"wp","href":"https:\/\/api.w.org\/{rel}","templated":true}]}}