{"id":40444,"date":"2022-12-26T07:11:18","date_gmt":"2022-12-26T11:11:18","guid":{"rendered":"https:\/\/jms.com.bo\/mediamonitor\/2022\/12\/26\/record-historico-exportacion-de-carne-alcanza-los-us-120-millones-en-10-meses\/"},"modified":"2022-12-26T07:11:18","modified_gmt":"2022-12-26T11:11:18","slug":"record-historico-exportacion-de-carne-alcanza-los-us-120-millones-en-10-meses","status":"publish","type":"post","link":"https:\/\/jms.com.bo\/mediamonitor\/2022\/12\/26\/record-historico-exportacion-de-carne-alcanza-los-us-120-millones-en-10-meses\/","title":{"rendered":"R\u00e9cord hist\u00f3rico: Exportaci\u00f3n de carne alcanza los $us 120 millones en 10 meses"},"content":{"rendered":"<p style=\"text-align: justify;\">Las exportaciones de carne en 10 meses crecieron en t\u00e9rminos de valor en 30% y en volumen un 7%, alcanzando los $us 120 millones respecto al mismo periodo de la gesti\u00f3n pasada. La informaci\u00f3n fue brinda por el viceministro de Comercio Exterior e Integraci\u00f3n, Benjam\u00edn Blanco.<\/p>\n<p style=\"text-align: justify;\">\u201cHemos llegado de enero a octubre del 2022 a un monto de 120 millones de d\u00f3lares en exportaciones de carne\u201d, se\u00f1al\u00f3 Blanco.<\/p>\n<p style=\"text-align: justify;\">Agreg\u00f3 que el principal mercado para la carne es China y dijo que, gracias a la apertura de ese mercado que se ha logrado a trav\u00e9s de intensas negociaciones, se logr\u00f3 alcanzar ese r\u00e9cor hist\u00f3rico para el pa\u00eds.<\/p>\n<p style=\"text-align: justify;\">\u201cEl gobierno del presidente Luis Arce prioriza primero el mercado interno y despu\u00e9s habilita la exportaci\u00f3n de carne, una vez que se tiene satisfecho a precio justo la carne en el mercado interno\u201d, indic\u00f3 Blanco.<\/p>\n<p style=\"text-align: justify;\">Mencion\u00f3 que se ha logrado como nunca en la historia de pa\u00eds alcanzar los $us 120 millones de d\u00f3lares y esto es resultado tambi\u00e9n de las inversiones que han realizado varios actores econ\u00f3micos.<\/p>\n<p style=\"text-align: justify;\">\u201cEs una cadena interesante, porque no son solo los frigor\u00edficos los que se benefician, sino todas las comunidades que est\u00e1n alrededor que son quienes cr\u00edan el ganado vacuno\u201d.<\/p>\n","protected":false},"excerpt":{"rendered":"<p>Las exportaciones de carne en 10 meses crecieron en t\u00e9rminos de valor en 30% y en volumen un 7%, alcanzando los $us 120 millones respecto al mismo periodo de la gesti\u00f3n pasada. La informaci\u00f3n fue brinda por el viceministro de Comercio Exterior e Integraci\u00f3n, Benjam\u00edn Blanco. \u201cHemos llegado de enero a octubre del 2022 a [&hellip;]<\/p>\n","protected":false},"author":4,"featured_media":40445,"comment_status":"open","ping_status":"open","sticky":false,"template":"","format":"standard","meta":{"footnotes":""},"categories":[52],"tags":[],"class_list":{"0":"post-40444","1":"post","2":"type-post","3":"status-publish","4":"format-standard","5":"has-post-thumbnail","7":"category-alimentos-agroindustria"},"_links":{"self":[{"href":"https:\/\/jms.com.bo\/mediamonitor\/wp-json\/wp\/v2\/posts\/40444","targetHints":{"allow":["GET"]}}],"collection":[{"href":"https:\/\/jms.com.bo\/mediamonitor\/wp-json\/wp\/v2\/posts"}],"about":[{"href":"https:\/\/jms.com.bo\/mediamonitor\/wp-json\/wp\/v2\/types\/post"}],"author":[{"embeddable":true,"href":"https:\/\/jms.com.bo\/mediamonitor\/wp-json\/wp\/v2\/users\/4"}],"replies":[{"embeddable":true,"href":"https:\/\/jms.com.bo\/mediamonitor\/wp-json\/wp\/v2\/comments?post=40444"}],"version-history":[{"count":0,"href":"https:\/\/jms.com.bo\/mediamonitor\/wp-json\/wp\/v2\/posts\/40444\/revisions"}],"wp:featuredmedia":[{"embeddable":true,"href":"https:\/\/jms.com.bo\/mediamonitor\/wp-json\/wp\/v2\/media\/40445"}],"wp:attachment":[{"href":"https:\/\/jms.com.bo\/mediamonitor\/wp-json\/wp\/v2\/media?parent=40444"}],"wp:term":[{"taxonomy":"category","embeddable":true,"href":"https:\/\/jms.com.bo\/mediamonitor\/wp-json\/wp\/v2\/categories?post=40444"},{"taxonomy":"post_tag","embeddable":true,"href":"https:\/\/jms.com.bo\/mediamonitor\/wp-json\/wp\/v2\/tags?post=40444"}],"curies":[{"name":"wp","href":"https:\/\/api.w.org\/{rel}","templated":true}]}}