{"id":40446,"date":"2022-12-26T07:12:59","date_gmt":"2022-12-26T11:12:59","guid":{"rendered":"https:\/\/jms.com.bo\/mediamonitor\/2022\/12\/26\/santa-cruz-tiene-11-predios-avasallados-en-pailon-guarayos-y-la-chiquitania\/"},"modified":"2022-12-26T07:12:59","modified_gmt":"2022-12-26T11:12:59","slug":"santa-cruz-tiene-11-predios-avasallados-en-pailon-guarayos-y-la-chiquitania","status":"publish","type":"post","link":"https:\/\/jms.com.bo\/mediamonitor\/2022\/12\/26\/santa-cruz-tiene-11-predios-avasallados-en-pailon-guarayos-y-la-chiquitania\/","title":{"rendered":"Santa Cruz tiene 11 predios avasallados en Pail\u00f3n, Guarayos y la Chiquitania"},"content":{"rendered":"<p style=\"text-align: justify;\">En el departamento de Santa Cruz a\u00fan existen 11 predios que se encuentran avasallados. Seg\u00fan un informe del Instituto Nacional de Reforma Agraria (INRA) adem\u00e1s de las hect\u00e1reas ocupadas, siete predios, seis en provincias y uno en el \u00e1rea urbana, han podido ser recuperados en el mes de diciembre del presente a\u00f1o.<\/p>\n<p style=\"text-align: justify;\">Los 11 predios que a\u00fan se encuentran tomados est\u00e1n distribuidos en Pail\u00f3n, Guarayos y la Chiquitania. El \u00faltimo terreno fue recuperado el pasado jueves 22. Esta propiedad, conocida como La Toja, se encuentra ubicada en el municipio de Ascensi\u00f3n de Guarayos. En el operativo que tuvo como objetivo desalojar a los avasalladores, participaron efectivos de la Fuerza Especial de Lucha Contra el Crimen (Felcc) y representantes del Ministerio P\u00fablico, y se aprehendi\u00f3 a 12 personas.<\/p>\n<p style=\"text-align: justify;\">\u201cEl INRA tiene competencia para actuar \u00fanicamente en dos casos: cuando el predio no ha sido titulado y son tierras fiscales disponibles para la dotaci\u00f3n\u201d, respondi\u00f3 el director nacional del INRA, Eulogio Nu\u00f1ez, agregando que el instituto a su cargo hace una inspecci\u00f3n y de comprobarse el avasallamiento env\u00eda un memorial donde se exige el retiro a los loteadores en un plazo de tres a cinco d\u00edas. Si contin\u00faa el avasallamiento, se pide ayuda al Comando de la Polic\u00eda Boliviana para que proceda con el desalojo de terrenos\u201d.<\/p>\n<p style=\"text-align: justify;\">Seg\u00fan el funcionario, el saneamiento en Santa Cruz ha alcanzado un 92 por ciento de tierras tituladas, y solamente faltar\u00eda un 8 por ciento por sanear. Cuando uno de estos terrenos titulados es tomado, el propietario debe denunciar este acto ante un juez agroambiental.<\/p>\n<p style=\"text-align: justify;\">El departamento tiene estos jueces en Yapacan\u00ed, Vallegrande, Camiri, Pail\u00f3n, Concepci\u00f3n y Robor\u00e9.<\/p>\n<p style=\"text-align: justify;\">\u201cEl Gabinete de Tierra ha tomado la decisi\u00f3n de unir esfuerzos con todas las instituciones competentes, la sociedad en su conjunto y los afectados por la toma de tierras, para luchar contra este delito porque el avasallamiento es un delito de orden penal\u201d, expres\u00f3 Nu\u00f1ez y record\u00f3 que no solo hay predios privados entre los afectados, sino tambi\u00e9n existen terrenos de campesinos, originarios y tierras fiscales.<\/p>\n<p style=\"text-align: justify;\">Entre otro de los predios que fueron liberados est\u00e1n la propiedad ganadera Kenia en un operativo donde particip\u00f3 el viceministro de R\u00e9gimen Interior, Ismael T\u00e9llez, el comandante departamental de la Polic\u00eda, Jhonny Ch\u00e1vez y 90 efectivos policiales. Cuatro personas fueron aprehendidas en flagrancia, y luego conducidas a dependencias de la Felcc en Santa Cruz.<\/p>\n<p style=\"text-align: justify;\">Predios ilegales<\/p>\n<p style=\"text-align: justify;\">El abogado Leonardo Tamburini record\u00f3 que la Tierra Comunitaria de Origen del pueblo Guarayo (TCO Guarayos) es una de las m\u00e1s extensas con 1,2 mill\u00f3n de hect\u00e1reas, seguida por la TCO Monteverde con 947.000 hect\u00e1reas, despu\u00e9s la TCO Pantanal con 720.000 hect\u00e1reas y finalmente la TCO Isoso con 650.000 hect\u00e1reas.<\/p>\n<p style=\"text-align: justify;\">\u201cGuarayos siempre ha sido conflictivo porque durante mucho tiempo ha habido tr\u00e1fico de tierras de los propios l\u00edderes guarayos y tambi\u00e9n de quienes han comprado tierras de manera ilegal. Ahora quienes han comprado estos terrenos, tambi\u00e9n ilegalmente, se encuentran defendiendo sus posesiones. Por eso, podr\u00edamos decir que hay pocos predios titulados\u201d, sostuvo.<\/p>\n<p style=\"text-align: justify;\">Tamburini ve que en varios casos la pelea es entre \u201cilegales\u201d porque por un lado est\u00e1n los que han comprado ilegalmente el terreno y por el otro se encuentran los que pretenden entrar a estas tierras debido a que creen que tienen el derecho de ocuparlas porque se encuentran fuera de norma.<\/p>\n<p style=\"text-align: justify;\">\u201cEl resultado de esa indefinici\u00f3n es \u00e9ste, con predios que en gran medida son ilegales y por eso sus propietarios quieren consolidarlos de acuerdo a lo que han comprado, que vienen a ser documentos que no est\u00e1n saneados en su totalidad\u201d, complement\u00f3.<\/p>\n<p style=\"text-align: justify;\">Pedido<\/p>\n<p style=\"text-align: justify;\">El presidente del Comit\u00e9 C\u00edvico de Guarayos, Salvador Vaca, dijo que es necesario que esta provincia cuente con una unidad policial m\u00e1s firme, esto debido a los hechos ocurridos esta semana cuando se estaba trasladando a los 12 aprehendidos del desalojo a Santa Cruz de la Sierra.<\/p>\n<p style=\"text-align: justify;\">\u201cLa Polic\u00eda va al predio avasallado para desalojarlo, pero tienen que salir casi escapando. Adem\u00e1s, necesitamos que la Polic\u00eda se quede porque de los 100 efectivos que llegaron, la mayor\u00eda ya se fueron, por eso necesitamos m\u00e1s uniformados que se acantonen en los predios avasallados\u201d, dijo el c\u00edvico, que denunci\u00f3 que el due\u00f1o de la propiedad avasallada fue atacado por un grupo de personas supuestamente en represalia por el desalojo.<\/p>\n<p style=\"text-align: justify;\">Asimismo, dijo haberse quedado con \u201csabor a poco\u201d porque solo se realiz\u00f3 un desalojo cuando en realidad existen 12 predios privados avasallados, sin contar las \u00e1reas fiscales y las TCO.<\/p>\n<p style=\"text-align: justify;\">Por otro lado, los habitantes de la comunidad campesina Cerro Grande advirtieron con medidas de protesta por la aprehensi\u00f3n de 12 personas acusadas de avasallar la propiedad La Toja.<\/p>\n<p style=\"text-align: justify;\">\u201cSe instruye de manera urgente asumir la defensa de la dignidad e integridad de las familias campesinas y territorio\u201d, dice parte del pronunciamiento de los campesinos dado a conocer el viernes.<\/p>\n","protected":false},"excerpt":{"rendered":"<p>En el departamento de Santa Cruz a\u00fan existen 11 predios que se encuentran avasallados. Seg\u00fan un informe del Instituto Nacional de Reforma Agraria (INRA) adem\u00e1s de las hect\u00e1reas ocupadas, siete predios, seis en provincias y uno en el \u00e1rea urbana, han podido ser recuperados en el mes de diciembre del presente a\u00f1o. Los 11 predios [&hellip;]<\/p>\n","protected":false},"author":4,"featured_media":40447,"comment_status":"open","ping_status":"open","sticky":false,"template":"","format":"standard","meta":{"footnotes":""},"categories":[49],"tags":[],"class_list":{"0":"post-40446","1":"post","2":"type-post","3":"status-publish","4":"format-standard","5":"has-post-thumbnail","7":"category-social"},"_links":{"self":[{"href":"https:\/\/jms.com.bo\/mediamonitor\/wp-json\/wp\/v2\/posts\/40446","targetHints":{"allow":["GET"]}}],"collection":[{"href":"https:\/\/jms.com.bo\/mediamonitor\/wp-json\/wp\/v2\/posts"}],"about":[{"href":"https:\/\/jms.com.bo\/mediamonitor\/wp-json\/wp\/v2\/types\/post"}],"author":[{"embeddable":true,"href":"https:\/\/jms.com.bo\/mediamonitor\/wp-json\/wp\/v2\/users\/4"}],"replies":[{"embeddable":true,"href":"https:\/\/jms.com.bo\/mediamonitor\/wp-json\/wp\/v2\/comments?post=40446"}],"version-history":[{"count":0,"href":"https:\/\/jms.com.bo\/mediamonitor\/wp-json\/wp\/v2\/posts\/40446\/revisions"}],"wp:featuredmedia":[{"embeddable":true,"href":"https:\/\/jms.com.bo\/mediamonitor\/wp-json\/wp\/v2\/media\/40447"}],"wp:attachment":[{"href":"https:\/\/jms.com.bo\/mediamonitor\/wp-json\/wp\/v2\/media?parent=40446"}],"wp:term":[{"taxonomy":"category","embeddable":true,"href":"https:\/\/jms.com.bo\/mediamonitor\/wp-json\/wp\/v2\/categories?post=40446"},{"taxonomy":"post_tag","embeddable":true,"href":"https:\/\/jms.com.bo\/mediamonitor\/wp-json\/wp\/v2\/tags?post=40446"}],"curies":[{"name":"wp","href":"https:\/\/api.w.org\/{rel}","templated":true}]}}