{"id":40450,"date":"2022-12-26T07:15:50","date_gmt":"2022-12-26T11:15:50","guid":{"rendered":"https:\/\/jms.com.bo\/mediamonitor\/2022\/12\/26\/desaguadero-mas-de-900-camiones-pasaron-en-dos-dias\/"},"modified":"2022-12-26T07:16:52","modified_gmt":"2022-12-26T11:16:52","slug":"desaguadero-mas-de-900-camiones-pasaron-en-dos-dias","status":"publish","type":"post","link":"https:\/\/jms.com.bo\/mediamonitor\/2022\/12\/26\/desaguadero-mas-de-900-camiones-pasaron-en-dos-dias\/","title":{"rendered":"Desaguadero: m\u00e1s de 900 camiones pasaron en dos d\u00edas"},"content":{"rendered":"<p style=\"text-align: justify;\">Luego de la tregua por algunos d\u00edas en los bloqueos en Desaguadero por la crisis pol\u00edtica en Per\u00fa, m\u00e1s de 900 camiones con carga de importaci\u00f3n y de exportaciones nacionales pudieron pasar, seg\u00fan el viceministro de Comercio Exterior, Benjam\u00edn Blanco.<\/p>\n<p style=\"text-align: justify;\">Per\u00fa atraviesa una crisis pol\u00edtica tras el fallido golpe de Estado de parte del expresidente Pedro Castillo, que permanece detenido. Diversos sectores sociales iniciaron un bloqueo de carreteras que afect\u00f3 a las exportaciones bolivianas.<\/p>\n<p style=\"text-align: justify;\">En una entrevista con Bolivia, Blanco indic\u00f3 que el 23 de diciembre pasaron 561 camiones y el 24 de este mes unos 339 camiones. \u201cSon m\u00e1s de 900 camiones, no s\u00f3lo los que vienen de Per\u00fa, tambi\u00e9n los que salen, los de exportaci\u00f3n. Ayer pasaron 144 camiones con carga de exportaci\u00f3n. Se reportan algunos puntos de bloqueo a\u00fan en Puno, Ilave y Juli, pero los transportistas est\u00e1n buscando v\u00edas alternativas y con algunas dificultades est\u00e1n llegando a destino\u201d, subray\u00f3 la autoridad.<\/p>\n<p style=\"text-align: justify;\">Blanco dijo que el 23 de diciembre ingresaron a territorio boliviano 126 camiones con carga de importaci\u00f3n y otros 150 vac\u00edos que estaban de retorno. Al d\u00eda siguiente, entraron otros 65 camiones con carga y 100 vac\u00edos. \u201cYa no se tienen demoras, no hay camiones esperando, las colas bajaron de forma significativa\u201d, remarc\u00f3 la autoridad.<\/p>\n<p style=\"text-align: justify;\">Blanco explic\u00f3 que \u201cpor el Desaguadero pasa el 12% del valor total de las exportaciones del pa\u00eds y el 14% en volumen\u201d.<\/p>\n<p style=\"text-align: justify;\">Por ese paso fronterizo se mueven 186 mil toneladas de carga, que equivalen a 150 millones de d\u00f3lares en exportaciones.<\/p>\n<p style=\"text-align: justify;\">El viceministro de Comercio Exterior asegur\u00f3 que ya no existen demoras en la atenci\u00f3n a los camiones que llegan ni a los que salen. Indic\u00f3 que las filas disminuyeron significativamente en los Centros Binacionales de Atenci\u00f3n en Frontera (Cebaf).<\/p>\n<p style=\"text-align: justify;\">La frontera peruana en Desaguadero fue reabierta desde el mi\u00e9rcoles 21 de diciembre hasta el 4 de enero de 2023, para permitir que los camiones del transporte de carga internacional parados en ambos lados de la frontera puedan llegar a sus destinos. Los Cefafs en Desaguadero estuvieron cerrados hasta el martes por el conflicto social.<\/p>\n<p style=\"text-align: justify;\">El 22 de diciembre, la Agencia Estatal Andina de Per\u00fa report\u00f3 que el ingreso y salida de veh\u00edculos entre Per\u00fa y Bolivia a trav\u00e9s de la v\u00eda Mazocruz-Desaguadero qued\u00f3 totalmente restablecido. Seg\u00fan los datos de la Superintendencia de Transporte Terrestre de Personas, Carga y Mercanc\u00edas (Sutran) del Per\u00fa, se restablecieron 170 puntos de la Red Vial Nacional peruana y s\u00f3lo existen restricciones en tres puntos en la regi\u00f3n Puno.<\/p>\n<p style=\"text-align: justify;\">Liberan planta de gas<\/p>\n<p style=\"text-align: justify;\">El Comando Conjunto de las Fuerzas Armadas de Per\u00fa anunci\u00f3 mediante un comunicado que ayer desocup\u00f3 una planta de bombeo de gas en Cusco, en el sur del pa\u00eds, que permanec\u00eda tomada por protestantes antigubernamentales desde hac\u00eda 12 d\u00edas. En el enfrentamiento, dos personas resultaron heridas, que ya fueron dadas de alta.<\/p>\n<p style=\"text-align: justify;\">\u201cUn contingente de las fuerzas integradas de la 33 Brigada de Infanter\u00eda del Comando Especial Vraem y de la Polic\u00eda Nacional del Per\u00fa logr\u00f3 desocupar la planta compresora de gas TGP que permanec\u00eda tomada ilegalmente por m\u00e1s de un centenar de personas desde hace 12 d\u00edas\u201d, explic\u00f3 el Comando Conjunto, seg\u00fan report\u00f3 EFE.<\/p>\n<p style=\"text-align: justify;\">Los protestantes tomaron esta planta de bombeo de gas de Segakiato, en el departamento de Cusco, como parte de las marchas antigubernamentales que se vienen produciendo en el pa\u00eds desde el 11 de diciembre y en las que han fallecido 27 personas en diversos puntos de Per\u00fa.<\/p>\n<p style=\"text-align: justify;\">El Comando Conjunto detall\u00f3 que, \u201cpese a la actitud hostil mostrada por los manifestantes, las fuerzas del orden lograron controlar la situaci\u00f3n sin que se hayan registrado da\u00f1os en el personal civil, militar o policial\u201d ni tampoco \u201cen la sensible infraestructura de este activo cr\u00edtico\u201d.<\/p>\n<p style=\"text-align: justify;\">Pero confirm\u00f3 que dos personas resultaron heridas y ya fueron dadas de alta.<\/p>\n<p style=\"text-align: justify;\">Por su parte, la Gerencia Regional de Salud de Cusco inform\u00f3 que ayer \u201cse registr\u00f3 un enfrentamiento entre el Ej\u00e9rcito y la poblaci\u00f3n que se hallaba en los puestos de bombeo del gas de Segakiato del distrito Kepashiato de la provincia de la Convenci\u00f3n, que fue tomado, y producto de ello lamentablemente hubo dos heridos\u201d.<\/p>\n<p style=\"text-align: justify;\">En el comunicado, la instituci\u00f3n sanitaria detall\u00f3 que los heridos fueron una mujer de 45 a\u00f1os, que sufri\u00f3 contusiones leves, y un var\u00f3n de 39 a\u00f1os \u2013tambi\u00e9n\u2013 con contusiones y una herida en la regi\u00f3n craneal, quienes estuvieron en el centro sanitario local y fueron dados de alta.<\/p>\n<p style=\"text-align: justify;\">Indic\u00f3 que no atendieron heridos de proyectil de bala y aclar\u00f3 que no hubo fallecidos en el enfrentamiento. El Ministerio de Salud inform\u00f3 en Twitter que la instituci\u00f3n \u201cdesplegar\u00e1 un equipo para supervisar la atenci\u00f3n en los establecimientos de salud de la zona\u201d, tras el enfrentamiento.<\/p>\n","protected":false},"excerpt":{"rendered":"<p>Luego de la tregua por algunos d\u00edas en los bloqueos en Desaguadero por la crisis pol\u00edtica en Per\u00fa, m\u00e1s de 900 camiones con carga de importaci\u00f3n y de exportaciones nacionales pudieron pasar, seg\u00fan el viceministro de Comercio Exterior, Benjam\u00edn Blanco. Per\u00fa atraviesa una crisis pol\u00edtica tras el fallido golpe de Estado de parte del expresidente [&hellip;]<\/p>\n","protected":false},"author":4,"featured_media":0,"comment_status":"open","ping_status":"open","sticky":false,"template":"","format":"standard","meta":{"footnotes":""},"categories":[49],"tags":[],"class_list":{"0":"post-40450","1":"post","2":"type-post","3":"status-publish","4":"format-standard","6":"category-social"},"_links":{"self":[{"href":"https:\/\/jms.com.bo\/mediamonitor\/wp-json\/wp\/v2\/posts\/40450","targetHints":{"allow":["GET"]}}],"collection":[{"href":"https:\/\/jms.com.bo\/mediamonitor\/wp-json\/wp\/v2\/posts"}],"about":[{"href":"https:\/\/jms.com.bo\/mediamonitor\/wp-json\/wp\/v2\/types\/post"}],"author":[{"embeddable":true,"href":"https:\/\/jms.com.bo\/mediamonitor\/wp-json\/wp\/v2\/users\/4"}],"replies":[{"embeddable":true,"href":"https:\/\/jms.com.bo\/mediamonitor\/wp-json\/wp\/v2\/comments?post=40450"}],"version-history":[{"count":1,"href":"https:\/\/jms.com.bo\/mediamonitor\/wp-json\/wp\/v2\/posts\/40450\/revisions"}],"predecessor-version":[{"id":40451,"href":"https:\/\/jms.com.bo\/mediamonitor\/wp-json\/wp\/v2\/posts\/40450\/revisions\/40451"}],"wp:attachment":[{"href":"https:\/\/jms.com.bo\/mediamonitor\/wp-json\/wp\/v2\/media?parent=40450"}],"wp:term":[{"taxonomy":"category","embeddable":true,"href":"https:\/\/jms.com.bo\/mediamonitor\/wp-json\/wp\/v2\/categories?post=40450"},{"taxonomy":"post_tag","embeddable":true,"href":"https:\/\/jms.com.bo\/mediamonitor\/wp-json\/wp\/v2\/tags?post=40450"}],"curies":[{"name":"wp","href":"https:\/\/api.w.org\/{rel}","templated":true}]}}