{"id":40454,"date":"2022-12-26T07:21:21","date_gmt":"2022-12-26T11:21:21","guid":{"rendered":"https:\/\/jms.com.bo\/mediamonitor\/2022\/12\/26\/ine-preve-concluir-la-actualizacion-cartografica-en-agosto-de-2023-hay-avance-del-48\/"},"modified":"2022-12-26T07:21:21","modified_gmt":"2022-12-26T11:21:21","slug":"ine-preve-concluir-la-actualizacion-cartografica-en-agosto-de-2023-hay-avance-del-48","status":"publish","type":"post","link":"https:\/\/jms.com.bo\/mediamonitor\/2022\/12\/26\/ine-preve-concluir-la-actualizacion-cartografica-en-agosto-de-2023-hay-avance-del-48\/","title":{"rendered":"INE prev\u00e9 concluir la actualizaci\u00f3n cartogr\u00e1fica en agosto de 2023, hay avance del 48%"},"content":{"rendered":"<p style=\"text-align: justify;\">El director del Instituto Nacional de Estad\u00edstica (INE), Humberto Arandia, inform\u00f3 que, con miras al Censo Nacional de Poblaci\u00f3n y Vivienda, esa instituci\u00f3n prev\u00e9 concluir la actualizaci\u00f3n cartogr\u00e1fica en agosto de 2023. Precis\u00f3 que actualmente esta labor tiene un avance nacional de 48%.<\/p>\n<p style=\"text-align: justify;\">Arandia anunci\u00f3 que en los pr\u00f3ximos d\u00edas presentar\u00e1 un cronograma del censo que se realizar\u00e1 el 23 de marzo de 2024. Acot\u00f3 que en ese plan se prev\u00e9 que la actualizaci\u00f3n cartogr\u00e1fica est\u00e1 concluida a fines de agosto del pr\u00f3ximo a\u00f1o.<\/p>\n<p style=\"text-align: justify;\">La autoridad detall\u00f3 que tomando en cuenta el avance en cada departamento se tiene a Pando con 99%, Beni 96%, Oruro 88%, Tarija 64%, Chuquisaca 62%, Potos\u00ed 55%, Santa Cruz 48%, La Paz 38% y Cochabamba 28%.<\/p>\n<p style=\"text-align: justify;\">Inform\u00f3 que hay un mayor avance en los departamentos de Pando y Beni por la poblaci\u00f3n que es peque\u00f1a, en comparaci\u00f3n a las regiones del eje central.<\/p>\n<p style=\"text-align: justify;\">El Director del INE tambi\u00e9n precis\u00f3 que en seis capitales de departamento ya se concluy\u00f3 la actualizaci\u00f3n cartogr\u00e1fica, ellas son: Cobija, Trinidad, Oruro, Tarija, Sucre y Potos\u00ed.<\/p>\n<p style=\"text-align: justify;\">Arand\u00eda detall\u00f3 que en \u00e1reas dispersas, el avance de actualizaci\u00f3n cartogr\u00e1fica es el siguiente: Pando 97%, Beni 95%, Oruro 73%, Tarija 27%, Chuquisaca 25%, Potos\u00ed 43%, Santa Cruz 15%, La Paz 2% y Cochabamba 11%.<\/p>\n","protected":false},"excerpt":{"rendered":"<p>El director del Instituto Nacional de Estad\u00edstica (INE), Humberto Arandia, inform\u00f3 que, con miras al Censo Nacional de Poblaci\u00f3n y Vivienda, esa instituci\u00f3n prev\u00e9 concluir la actualizaci\u00f3n cartogr\u00e1fica en agosto de 2023. Precis\u00f3 que actualmente esta labor tiene un avance nacional de 48%. Arandia anunci\u00f3 que en los pr\u00f3ximos d\u00edas presentar\u00e1 un cronograma del censo [&hellip;]<\/p>\n","protected":false},"author":4,"featured_media":40455,"comment_status":"open","ping_status":"open","sticky":false,"template":"","format":"standard","meta":{"footnotes":""},"categories":[20],"tags":[],"class_list":{"0":"post-40454","1":"post","2":"type-post","3":"status-publish","4":"format-standard","5":"has-post-thumbnail","7":"category-actualidad"},"_links":{"self":[{"href":"https:\/\/jms.com.bo\/mediamonitor\/wp-json\/wp\/v2\/posts\/40454","targetHints":{"allow":["GET"]}}],"collection":[{"href":"https:\/\/jms.com.bo\/mediamonitor\/wp-json\/wp\/v2\/posts"}],"about":[{"href":"https:\/\/jms.com.bo\/mediamonitor\/wp-json\/wp\/v2\/types\/post"}],"author":[{"embeddable":true,"href":"https:\/\/jms.com.bo\/mediamonitor\/wp-json\/wp\/v2\/users\/4"}],"replies":[{"embeddable":true,"href":"https:\/\/jms.com.bo\/mediamonitor\/wp-json\/wp\/v2\/comments?post=40454"}],"version-history":[{"count":0,"href":"https:\/\/jms.com.bo\/mediamonitor\/wp-json\/wp\/v2\/posts\/40454\/revisions"}],"wp:featuredmedia":[{"embeddable":true,"href":"https:\/\/jms.com.bo\/mediamonitor\/wp-json\/wp\/v2\/media\/40455"}],"wp:attachment":[{"href":"https:\/\/jms.com.bo\/mediamonitor\/wp-json\/wp\/v2\/media?parent=40454"}],"wp:term":[{"taxonomy":"category","embeddable":true,"href":"https:\/\/jms.com.bo\/mediamonitor\/wp-json\/wp\/v2\/categories?post=40454"},{"taxonomy":"post_tag","embeddable":true,"href":"https:\/\/jms.com.bo\/mediamonitor\/wp-json\/wp\/v2\/tags?post=40454"}],"curies":[{"name":"wp","href":"https:\/\/api.w.org\/{rel}","templated":true}]}}