{"id":40458,"date":"2022-12-26T07:24:48","date_gmt":"2022-12-26T11:24:48","guid":{"rendered":"https:\/\/jms.com.bo\/mediamonitor\/2022\/12\/26\/el-senado-priorizara-el-tratamiento-de-la-reforma-judicial-en-el-primer-trimestre-de-2023\/"},"modified":"2022-12-26T07:27:21","modified_gmt":"2022-12-26T11:27:21","slug":"el-senado-priorizara-el-tratamiento-de-la-reforma-judicial-en-el-primer-trimestre-de-2023","status":"publish","type":"post","link":"https:\/\/jms.com.bo\/mediamonitor\/2022\/12\/26\/el-senado-priorizara-el-tratamiento-de-la-reforma-judicial-en-el-primer-trimestre-de-2023\/","title":{"rendered":"El Senado priorizar\u00e1 el tratamiento de la reforma judicial en el primer trimestre de 2023"},"content":{"rendered":"<p style=\"text-align: justify;\">El presidente de la Comisi\u00f3n de Justicia del Senado, Luis Adolfo Flores (MAS) inform\u00f3 que el primer trimestre de 2023 se priorizar\u00e1 el tratamiento de las propuestas para la reforma judicial.<\/p>\n<p style=\"text-align: justify;\">\u201cTiene que haber una reforma judicial, que tenemos que construir el pr\u00f3ximo a\u00f1o\u201d, anunci\u00f3 el legislador oficialista.<\/p>\n<p style=\"text-align: justify;\">Explic\u00f3 que la mencionada reforma debe ser trabajada de forma paralela con el proceso de preselecci\u00f3n de candidatos para las elecciones judiciales.<\/p>\n<p style=\"text-align: justify;\">En el debate, el oficialismo y la oposici\u00f3n deber\u00e1n llegar a un consenso, pues se necesita dos tercios para la etapa de preselecci\u00f3n.<\/p>\n<p style=\"text-align: justify;\">Lea m\u00e1s: Legislativo conforma comisi\u00f3n para el receso de fin de a\u00f1o; reanudar\u00e1 labores el 7 de enero<\/p>\n<p style=\"text-align: justify;\">\u201cLa Comisi\u00f3n Mixta tendr\u00e1 que trabajar el procedimiento para este proceso, aunque ya hay algunas propuestas que est\u00e1n presentando\u201d, agreg\u00f3 Flores.<\/p>\n<p style=\"text-align: justify;\">La Asamblea Legislativa debe preseleccionar a las candidatas y a los candidatos para la conformaci\u00f3n del Tribunal Constitucional Plurinacional, Tribunal Supremo de Justicia, Tribunal Agroambiental y Consejo de la Magistratura.<\/p>\n<p style=\"text-align: justify;\">Los tribunos ser\u00e1n elegidos mediante sufragio en un proceso administrado por el Tribunal Supremo Electoral (TSE), entidad que ya elabor\u00f3 el presupuesto y lo remiti\u00f3 al Ministerio de Econom\u00eda y Finanzas P\u00fablicas.<\/p>\n<p style=\"text-align: justify;\">Ser\u00e1 el tercer proceso electoral de este tipo luego de los comicios realizados en 2011 y 2017.<\/p>\n<p style=\"text-align: justify;\">Adem\u00e1s, para el pr\u00f3ximo a\u00f1o, queda en agenda la designaci\u00f3n del Contralor General del Estado que en esta gesti\u00f3n no se concret\u00f3 por la falta de acuerdos entre las bancadas del oficialismo y de la oposici\u00f3n.<\/p>\n","protected":false},"excerpt":{"rendered":"<p>El presidente de la Comisi\u00f3n de Justicia del Senado, Luis Adolfo Flores (MAS) inform\u00f3 que el primer trimestre de 2023 se priorizar\u00e1 el tratamiento de las propuestas para la reforma judicial. \u201cTiene que haber una reforma judicial, que tenemos que construir el pr\u00f3ximo a\u00f1o\u201d, anunci\u00f3 el legislador oficialista. Explic\u00f3 que la mencionada reforma debe ser [&hellip;]<\/p>\n","protected":false},"author":4,"featured_media":40463,"comment_status":"open","ping_status":"open","sticky":false,"template":"","format":"standard","meta":{"footnotes":""},"categories":[18],"tags":[],"class_list":{"0":"post-40458","1":"post","2":"type-post","3":"status-publish","4":"format-standard","5":"has-post-thumbnail","7":"category-politica"},"_links":{"self":[{"href":"https:\/\/jms.com.bo\/mediamonitor\/wp-json\/wp\/v2\/posts\/40458","targetHints":{"allow":["GET"]}}],"collection":[{"href":"https:\/\/jms.com.bo\/mediamonitor\/wp-json\/wp\/v2\/posts"}],"about":[{"href":"https:\/\/jms.com.bo\/mediamonitor\/wp-json\/wp\/v2\/types\/post"}],"author":[{"embeddable":true,"href":"https:\/\/jms.com.bo\/mediamonitor\/wp-json\/wp\/v2\/users\/4"}],"replies":[{"embeddable":true,"href":"https:\/\/jms.com.bo\/mediamonitor\/wp-json\/wp\/v2\/comments?post=40458"}],"version-history":[{"count":1,"href":"https:\/\/jms.com.bo\/mediamonitor\/wp-json\/wp\/v2\/posts\/40458\/revisions"}],"predecessor-version":[{"id":40462,"href":"https:\/\/jms.com.bo\/mediamonitor\/wp-json\/wp\/v2\/posts\/40458\/revisions\/40462"}],"wp:featuredmedia":[{"embeddable":true,"href":"https:\/\/jms.com.bo\/mediamonitor\/wp-json\/wp\/v2\/media\/40463"}],"wp:attachment":[{"href":"https:\/\/jms.com.bo\/mediamonitor\/wp-json\/wp\/v2\/media?parent=40458"}],"wp:term":[{"taxonomy":"category","embeddable":true,"href":"https:\/\/jms.com.bo\/mediamonitor\/wp-json\/wp\/v2\/categories?post=40458"},{"taxonomy":"post_tag","embeddable":true,"href":"https:\/\/jms.com.bo\/mediamonitor\/wp-json\/wp\/v2\/tags?post=40458"}],"curies":[{"name":"wp","href":"https:\/\/api.w.org\/{rel}","templated":true}]}}