{"id":40460,"date":"2022-12-26T07:26:26","date_gmt":"2022-12-26T11:26:26","guid":{"rendered":"https:\/\/jms.com.bo\/mediamonitor\/2022\/12\/26\/arce-viajara-a-brasil-para-la-asuncion-de-lula\/"},"modified":"2022-12-26T07:26:26","modified_gmt":"2022-12-26T11:26:26","slug":"arce-viajara-a-brasil-para-la-asuncion-de-lula","status":"publish","type":"post","link":"https:\/\/jms.com.bo\/mediamonitor\/2022\/12\/26\/arce-viajara-a-brasil-para-la-asuncion-de-lula\/","title":{"rendered":"Arce viajar\u00e1 a Brasil para la asunci\u00f3n de Lula"},"content":{"rendered":"<p style=\"text-align: justify;\">La viceministra de Comunicaci\u00f3n, Gabriela Alc\u00f3n, confirm\u00f3 ayer que el presidente Luis Arce estar\u00e1 presente en Brasil el 1 de enero para asistir a la toma de posesi\u00f3n del electo mandatario de ese pa\u00eds, Luiz Inacio Lula da Silva.<\/p>\n<p style=\"text-align: justify;\">\u201cEl 1 de enero, que es la posesi\u00f3n del presidente de Brasil, el presidente Arce se va a trasladar porque ha recibido la invitaci\u00f3n correspondiente\u201d, sostuvo.<\/p>\n<p style=\"text-align: justify;\">Acot\u00f3 que hay expectativa por las reuniones que sostendr\u00e1 el mandatario boliviano en el pa\u00eds vecino, puesto que entre ambos Estados hay temas importantes y coincidencias.<\/p>\n<p style=\"text-align: justify;\">\u201cHay que ver c\u00f3mo ser\u00e1n las reuniones en Brasil. Hay temas importantes y coincidencias en lo que se refiere al trabajo por la Patria Grande y se ir\u00e1 consolidando\u201d, asever\u00f3 Alc\u00f3n.<\/p>\n<p style=\"text-align: justify;\">Por otra parte, anunci\u00f3 que el jefe de Estado emitir\u00e1 el mensaje navide\u00f1o, hoy, 24 de diciembre.<\/p>\n<p style=\"text-align: justify;\">La autoridad prev\u00e9 que el mensaje se centre en la unidad familiar y del pa\u00eds, puesto que en este a\u00f1o se pas\u00f3 \u201cmomentos dif\u00edciles y a la vez gratificantes\u201d.<\/p>\n<p style=\"text-align: justify;\">Mediante sus redes sociales, el expresidente Evo Morales confirm\u00f3 que tambi\u00e9n recibi\u00f3 la invitaci\u00f3n de Lula da Silva para asistir a su posesi\u00f3n.<\/p>\n<p style=\"text-align: justify;\">\u201cMuchas gracias al hermano presidente electo de #Brasil @LulaOficial por la invitaci\u00f3n al acto de su posesi\u00f3n el 1ro de enero de 2023. Estamos seguros que ser\u00e1 un gobierno que retomar\u00e1 el trabajo y atenci\u00f3n de las necesidades de los m\u00e1s pobres y la integraci\u00f3n de la Patria Grande\u201d.<\/p>\n","protected":false},"excerpt":{"rendered":"<p>La viceministra de Comunicaci\u00f3n, Gabriela Alc\u00f3n, confirm\u00f3 ayer que el presidente Luis Arce estar\u00e1 presente en Brasil el 1 de enero para asistir a la toma de posesi\u00f3n del electo mandatario de ese pa\u00eds, Luiz Inacio Lula da Silva. \u201cEl 1 de enero, que es la posesi\u00f3n del presidente de Brasil, el presidente Arce se [&hellip;]<\/p>\n","protected":false},"author":4,"featured_media":40461,"comment_status":"open","ping_status":"open","sticky":false,"template":"","format":"standard","meta":{"footnotes":""},"categories":[18],"tags":[],"class_list":{"0":"post-40460","1":"post","2":"type-post","3":"status-publish","4":"format-standard","5":"has-post-thumbnail","7":"category-politica"},"_links":{"self":[{"href":"https:\/\/jms.com.bo\/mediamonitor\/wp-json\/wp\/v2\/posts\/40460","targetHints":{"allow":["GET"]}}],"collection":[{"href":"https:\/\/jms.com.bo\/mediamonitor\/wp-json\/wp\/v2\/posts"}],"about":[{"href":"https:\/\/jms.com.bo\/mediamonitor\/wp-json\/wp\/v2\/types\/post"}],"author":[{"embeddable":true,"href":"https:\/\/jms.com.bo\/mediamonitor\/wp-json\/wp\/v2\/users\/4"}],"replies":[{"embeddable":true,"href":"https:\/\/jms.com.bo\/mediamonitor\/wp-json\/wp\/v2\/comments?post=40460"}],"version-history":[{"count":0,"href":"https:\/\/jms.com.bo\/mediamonitor\/wp-json\/wp\/v2\/posts\/40460\/revisions"}],"wp:featuredmedia":[{"embeddable":true,"href":"https:\/\/jms.com.bo\/mediamonitor\/wp-json\/wp\/v2\/media\/40461"}],"wp:attachment":[{"href":"https:\/\/jms.com.bo\/mediamonitor\/wp-json\/wp\/v2\/media?parent=40460"}],"wp:term":[{"taxonomy":"category","embeddable":true,"href":"https:\/\/jms.com.bo\/mediamonitor\/wp-json\/wp\/v2\/categories?post=40460"},{"taxonomy":"post_tag","embeddable":true,"href":"https:\/\/jms.com.bo\/mediamonitor\/wp-json\/wp\/v2\/tags?post=40460"}],"curies":[{"name":"wp","href":"https:\/\/api.w.org\/{rel}","templated":true}]}}