{"id":40464,"date":"2022-12-26T07:28:57","date_gmt":"2022-12-26T11:28:57","guid":{"rendered":"https:\/\/jms.com.bo\/mediamonitor\/2022\/12\/26\/tras-llamado-de-luis-arce-a-la-unidad-evo-morales-ataca-la-gestion-economica\/"},"modified":"2022-12-26T07:28:57","modified_gmt":"2022-12-26T11:28:57","slug":"tras-llamado-de-luis-arce-a-la-unidad-evo-morales-ataca-la-gestion-economica","status":"publish","type":"post","link":"https:\/\/jms.com.bo\/mediamonitor\/2022\/12\/26\/tras-llamado-de-luis-arce-a-la-unidad-evo-morales-ataca-la-gestion-economica\/","title":{"rendered":"Tras llamado de Luis Arce a la unidad, Evo Morales ataca la gesti\u00f3n econ\u00f3mica"},"content":{"rendered":"<p style=\"text-align: justify;\">Mientras el presidente del Estado, Luis Arce, destac\u00f3 los logros econ\u00f3micos de su gesti\u00f3n y llam\u00f3 a la unidad de todos los bolivianos en su mensaje por Navidad, el expresidente y l\u00edder del MAS, Evo Morales, volvi\u00f3 a atacar al primer mandatario; dijo que la econom\u00eda del pa\u00eds no est\u00e1 bien y denunci\u00f3 que el Gobierno sabote\u00f3 su festejo por los 17 a\u00f1os del MAS en el poder.<\/p>\n<p style=\"text-align: justify;\">Morales dijo que \u201cno estamos tan bien econ\u00f3micamente\u201d y asegur\u00f3 que los chapare\u00f1os se quejaron porque no hay doble aguinaldo y por eso no celebraron la Navidad con petardos. \u201cYo esta ma\u00f1ana conversaba con algunos compa\u00f1eros, vecinos, sobre el tema econ\u00f3mico, \u00bfc\u00f3mo has pasado Navidad?, me dice: \u2018Navidad de tristeza\u2019. \u00bfPor qu\u00e9?, no hay movimiento econ\u00f3mico. Los comerciantes dicen: \u2018No hemos vendido como antes. No hay doble aguinaldo, no se siente ese flujo de dinero\u2019\u201d, indic\u00f3.<\/p>\n<p style=\"text-align: justify;\">El s\u00e1bado, en Nochebuena, desde la Casa Grande del Pueblo, el presidente Arce destac\u00f3 los logros econ\u00f3micos de su gesti\u00f3n, habl\u00f3, por ejemplo, de un bajo \u00edndice de inflaci\u00f3n, de la reducci\u00f3n de la pobreza y el proceso de industrializaci\u00f3n.<\/p>\n<p style=\"text-align: justify;\">\u201cTenemos la tasa de inflaci\u00f3n m\u00e1s baja de la regi\u00f3n y una de las m\u00e1s bajas del mundo, lo cual se hace relevante en un contexto internacional inflacionario (&#8230;). Tambi\u00e9n avanzamos en el proceso de industrializaci\u00f3n con sustituci\u00f3n de importaciones con importantes medidas exitosas, incrementamos nuestra productividad agropecuaria para el abastecimiento de alimentos en los mercados\u201d, dijo Arce.<\/p>\n<p style=\"text-align: justify;\">\u201cTambi\u00e9n hemos pasado algunos momentos dif\u00edciles, de tensi\u00f3n, confrontaci\u00f3n y desencuentros entre hermanas y hermanos. Sin embargo, somos una patria de hombres y mujeres trabajadores, que so\u00f1amos con un mejor futuro para nuestras hijas e hijos y nuestros nietos. Somos un pa\u00eds con gran riqueza cultural y de recursos naturales y debemos comprender que en nuestra diversidad y complementariedad est\u00e1 nuestra mayor fortaleza\u201d, agreg\u00f3.<\/p>\n<p style=\"text-align: justify;\">Sabotaje y denuncias<\/p>\n<p style=\"text-align: justify;\">\u201cLamento mucho el sabotaje de nuestro Gobierno a esa concentraci\u00f3n, a este festejo, a esta fiesta, el d\u00eda de la revoluci\u00f3n democr\u00e1tica y cultural (&#8230;). En la madrugada del 18 de diciembre aparece un derrumbe, ni est\u00e1 lloviendo, en el Sillar hay derrumbe y nos dicen (que fue) provocado por autoridades del Gobierno (&#8230;). Son instrucciones de arriba\u201d, asegur\u00f3 el l\u00edder cocalero en su programa Evo es pueblo, l\u00edder de los humildes de radio Kawsachun Coca.<\/p>\n<p style=\"text-align: justify;\">Seg\u00fan su versi\u00f3n, el dirigente chapare\u00f1o y presidente del Senado, Andr\u00f3nico Rodr\u00edguez, no pudo llegar al encuentro por ese supuesto derrumbe, adem\u00e1s muchos funcionarios p\u00fablicos que fueron al festejo tuvieron que disfrazarse y camuflarse para no ser identificados.<\/p>\n<p style=\"text-align: justify;\">Asegur\u00f3 que su exministro Iv\u00e1n Canelas fue despedido de la gerencia regional de Entel s\u00f3lo por haber ido al festejo de Morales, el \u201cd\u00eda de la revoluci\u00f3n\u201d. Asegur\u00f3 que no le dejaron sacar ni sus cosas.<\/p>\n<p style=\"text-align: justify;\">Morales hizo un pedido a una autoridad del Gobierno. \u201cPor favor, ministro de Gobierno, hermano (Eduardo) Del Castillo, devu\u00e9lvamelo mi celular, no vas a encontrar nada, salvo que puedes montar algo\u201d, dijo.<\/p>\n<p style=\"text-align: justify;\">En Twitter, Morales dijo que quieren destruir al MAS y apunt\u00f3 al vicepresidente David Choquehuanca. \u201cCon el pretexto de la renovaci\u00f3n buscan la divisi\u00f3n y destrucci\u00f3n del MAS. Est\u00e1 demostrado que el hermano David Choquehuanca quer\u00eda ser candidato a la Presidencia (&#8230;) Trata de dividirnos\u201d.<\/p>\n<p style=\"text-align: justify;\">Narcotr\u00e1fico<\/p>\n<p style=\"text-align: justify;\">Denuncia El expresidente Evo Morales dio m\u00e1s datos sobre sus denuncias contra el actual gobierno nacional de protecci\u00f3n al narcotr\u00e1fico y ayer asegur\u00f3 que el viceministro de Defensa Social y Sustancias Controladas, Jaime Mamani (zar antidroga), admiti\u00f3 que se paga con coca\u00edna a los informantes de la Fuerza Especial de Lucha Contra el Narcotr\u00e1fico (Felcn).<\/p>\n<p style=\"text-align: justify;\">Acusaci\u00f3n Morales cuestion\u00f3 que hasta la fecha no haya avances en el caso narcoaudios, denunciado en abril de este a\u00f1o, y que los principales acusados sigan libres. La exautoridad lament\u00f3 que no haya avances en este caso.<\/p>\n","protected":false},"excerpt":{"rendered":"<p>Mientras el presidente del Estado, Luis Arce, destac\u00f3 los logros econ\u00f3micos de su gesti\u00f3n y llam\u00f3 a la unidad de todos los bolivianos en su mensaje por Navidad, el expresidente y l\u00edder del MAS, Evo Morales, volvi\u00f3 a atacar al primer mandatario; dijo que la econom\u00eda del pa\u00eds no est\u00e1 bien y denunci\u00f3 que el [&hellip;]<\/p>\n","protected":false},"author":4,"featured_media":40465,"comment_status":"open","ping_status":"open","sticky":false,"template":"","format":"standard","meta":{"footnotes":""},"categories":[18,48,46],"tags":[],"class_list":{"0":"post-40464","1":"post","2":"type-post","3":"status-publish","4":"format-standard","5":"has-post-thumbnail","7":"category-politica","8":"category-portada-general-sitio","9":"category-portada-politica"},"_links":{"self":[{"href":"https:\/\/jms.com.bo\/mediamonitor\/wp-json\/wp\/v2\/posts\/40464","targetHints":{"allow":["GET"]}}],"collection":[{"href":"https:\/\/jms.com.bo\/mediamonitor\/wp-json\/wp\/v2\/posts"}],"about":[{"href":"https:\/\/jms.com.bo\/mediamonitor\/wp-json\/wp\/v2\/types\/post"}],"author":[{"embeddable":true,"href":"https:\/\/jms.com.bo\/mediamonitor\/wp-json\/wp\/v2\/users\/4"}],"replies":[{"embeddable":true,"href":"https:\/\/jms.com.bo\/mediamonitor\/wp-json\/wp\/v2\/comments?post=40464"}],"version-history":[{"count":0,"href":"https:\/\/jms.com.bo\/mediamonitor\/wp-json\/wp\/v2\/posts\/40464\/revisions"}],"wp:featuredmedia":[{"embeddable":true,"href":"https:\/\/jms.com.bo\/mediamonitor\/wp-json\/wp\/v2\/media\/40465"}],"wp:attachment":[{"href":"https:\/\/jms.com.bo\/mediamonitor\/wp-json\/wp\/v2\/media?parent=40464"}],"wp:term":[{"taxonomy":"category","embeddable":true,"href":"https:\/\/jms.com.bo\/mediamonitor\/wp-json\/wp\/v2\/categories?post=40464"},{"taxonomy":"post_tag","embeddable":true,"href":"https:\/\/jms.com.bo\/mediamonitor\/wp-json\/wp\/v2\/tags?post=40464"}],"curies":[{"name":"wp","href":"https:\/\/api.w.org\/{rel}","templated":true}]}}