{"id":4047,"date":"2021-03-17T01:45:25","date_gmt":"2021-03-17T05:45:25","guid":{"rendered":"http:\/\/jms.com.bo\/mediamonitor\/?p=4047"},"modified":"2021-03-17T01:45:25","modified_gmt":"2021-03-17T05:45:25","slug":"la-cancilleria-le-dice-a-almagro-que-no-tiene-la-autoridad-moral-ni-etica-para-referirse-a-bolivia","status":"publish","type":"post","link":"https:\/\/jms.com.bo\/mediamonitor\/2021\/03\/17\/la-cancilleria-le-dice-a-almagro-que-no-tiene-la-autoridad-moral-ni-etica-para-referirse-a-bolivia\/","title":{"rendered":"La Canciller\u00eda le dice a Almagro que \u2018no tiene la autoridad moral ni \u00e9tica para referirse a Bolivia\u2019"},"content":{"rendered":"<p style=\"text-align: justify;\">El Ministerio de Relaciones Exteriores llam\u00f3 este martes al secretario general de la Organizaci\u00f3n de Estados Americanos (OEA), el uruguayo Luis Almagro, a reconducir sus acciones y advirti\u00f3 con asumir acciones contra la autoridad para que sus \u201cacciones no queden impunes\u201d.<\/p>\n<p style=\"text-align: justify;\">La Canciller\u00eda, a trav\u00e9s de un comunicado, consider\u00f3 que Almagro \u201cno tiene la autoridad moral ni \u00e9tica para referirse a Bolivia\u201d debido a que sus acciones contribuyeron a la crisis pol\u00edtica que oblig\u00f3 a Evo Morales a dejar el cargo en noviembre de 2019.<\/p>\n<p style=\"text-align: justify;\">\u201cSe hace un llamado al Secretario General de la OEA Luis Almagro a reconducir sus acciones y enmarcarlas en los principios fundamentales de la Carta de la OEA y otros instrumentos aprobados por los Estados miembros para promover y consolidar la democracia representativa dentro del respeto al principio de no intervenci\u00f3n en el continente\u201d, refiere parte del comunicado.<\/p>\n<p style=\"text-align: justify;\">\u201cEl Ministerio de Relaciones Exteriores del Estado Plurinacional de Bolivia expresa que llevar\u00e1 adelante las iniciativas necesarias para que las reprochables acciones de Luis Almagro no queden impunes\u201d, se agrega en el documento.<\/p>\n<p style=\"text-align: justify;\">Almagro denunci\u00f3 el lunes \u201cabusos de mecanismos judiciales\u201d en la aprehensi\u00f3n de la exmandantaria Jeanine \u00c1\u00f1ez y los exministros \u00c1lvaro Coimbra y Rodrigo Guzm\u00e1n, a quienes la Fiscal\u00eda imput\u00f3 por los delitos de sedici\u00f3n, terrorismo y conspiraci\u00f3n. Tambi\u00e9n sugiri\u00f3 la creaci\u00f3n de una comisi\u00f3n internacional para la investigaci\u00f3n de casos de corrupci\u00f3n durante el \u00faltimo periodo de gobierno de Evo Morales y, \u201cobviamente\u201d, de \u00c1\u00f1ez.<\/p>\n<p style=\"text-align: justify;\">\u201cEl Sr. Almagro no tiene la autoridad moral ni \u00e9tica para referirse a Bolivia, despu\u00e9s del da\u00f1o profundo que le hizo al pueblo boliviano con su injerencia colonialista durante el proceso electoral del 2019. Sus acciones costaron vidas humanas y debe rendir cuentas por su comportamiento parcializado y alejado de la objetividad, que ha desprestigiado a tan importante instancia para los pa\u00edses de nuestra Am\u00e9rica\u201d, menciona el comunicado de Canciller\u00eda.<\/p>\n<p style=\"text-align: justify;\">Fueron los observadores de la OEA que despu\u00e9s de las elecciones de octubre de 2019 denunciaron irregularidades en las justas, lo que aviv\u00f3 una crisis en curso en medio de denuncias de fraude electoral. A ese se sum\u00f3 un mot\u00edn policial y la \u201csugerencia\u201d militar a Morales de dejar el cargo.<\/p>\n","protected":false},"excerpt":{"rendered":"<p>El Ministerio de Relaciones Exteriores llam\u00f3 este martes al secretario general de la Organizaci\u00f3n de Estados Americanos (OEA), el uruguayo Luis Almagro, a reconducir sus acciones y advirti\u00f3 con asumir acciones contra la autoridad para que sus \u201cacciones no queden impunes\u201d. La Canciller\u00eda, a trav\u00e9s de un comunicado, consider\u00f3 que Almagro \u201cno tiene la autoridad [&hellip;]<\/p>\n","protected":false},"author":4,"featured_media":4048,"comment_status":"open","ping_status":"open","sticky":false,"template":"","format":"standard","meta":{"footnotes":""},"categories":[18],"tags":[],"class_list":["post-4047","post","type-post","status-publish","format-standard","has-post-thumbnail","category-politica"],"_links":{"self":[{"href":"https:\/\/jms.com.bo\/mediamonitor\/wp-json\/wp\/v2\/posts\/4047","targetHints":{"allow":["GET"]}}],"collection":[{"href":"https:\/\/jms.com.bo\/mediamonitor\/wp-json\/wp\/v2\/posts"}],"about":[{"href":"https:\/\/jms.com.bo\/mediamonitor\/wp-json\/wp\/v2\/types\/post"}],"author":[{"embeddable":true,"href":"https:\/\/jms.com.bo\/mediamonitor\/wp-json\/wp\/v2\/users\/4"}],"replies":[{"embeddable":true,"href":"https:\/\/jms.com.bo\/mediamonitor\/wp-json\/wp\/v2\/comments?post=4047"}],"version-history":[{"count":1,"href":"https:\/\/jms.com.bo\/mediamonitor\/wp-json\/wp\/v2\/posts\/4047\/revisions"}],"predecessor-version":[{"id":4049,"href":"https:\/\/jms.com.bo\/mediamonitor\/wp-json\/wp\/v2\/posts\/4047\/revisions\/4049"}],"wp:featuredmedia":[{"embeddable":true,"href":"https:\/\/jms.com.bo\/mediamonitor\/wp-json\/wp\/v2\/media\/4048"}],"wp:attachment":[{"href":"https:\/\/jms.com.bo\/mediamonitor\/wp-json\/wp\/v2\/media?parent=4047"}],"wp:term":[{"taxonomy":"category","embeddable":true,"href":"https:\/\/jms.com.bo\/mediamonitor\/wp-json\/wp\/v2\/categories?post=4047"},{"taxonomy":"post_tag","embeddable":true,"href":"https:\/\/jms.com.bo\/mediamonitor\/wp-json\/wp\/v2\/tags?post=4047"}],"curies":[{"name":"wp","href":"https:\/\/api.w.org\/{rel}","templated":true}]}}