{"id":4053,"date":"2021-03-17T01:49:27","date_gmt":"2021-03-17T05:49:27","guid":{"rendered":"http:\/\/jms.com.bo\/mediamonitor\/?p=4053"},"modified":"2021-03-17T01:49:27","modified_gmt":"2021-03-17T05:49:27","slug":"civicos-piden-liberacion-de-presos-politicos-y-advierten-con-paro-nacional","status":"publish","type":"post","link":"https:\/\/jms.com.bo\/mediamonitor\/2021\/03\/17\/civicos-piden-liberacion-de-presos-politicos-y-advierten-con-paro-nacional\/","title":{"rendered":"C\u00edvicos piden liberaci\u00f3n de \u00abpresos pol\u00edticos\u00bb y advierten con paro nacional"},"content":{"rendered":"<p style=\"text-align: justify;\">A primera hora de esta tarde concluy\u00f3 la reuni\u00f3n entre representantes de los comit\u00e9s c\u00edvicos de todos los departamentos del pa\u00eds, quienes emitieron una resoluci\u00f3n en la que advierten con el inicio de un paro c\u00edvico nacional en el caso de que el Gobierno contin\u00fae con el arresto de exautoridades, ciudadanos, polic\u00edas y militares \u201ca t\u00edtulo del caso golpe de Estado\u201d.<\/p>\n<p style=\"text-align: justify;\">\u201cEn caso de aprehensi\u00f3n y arresto ilegal de cualquier ciudadano boliviano, incluyendo polic\u00edas y militares a t\u00edtulo de caso \u2018golpe de Estado\u2019, todo el pa\u00eds ingresar\u00e1 en un paro c\u00edvico\u201d, advirti\u00f3 el presidente del Comit\u00e9 Pro Santa Cruz, R\u00f3mulo Calvo.<\/p>\n<p style=\"text-align: justify;\">Exigen adem\u00e1s la liberaci\u00f3n de los \u201cpresos pol\u00edticos\u201d dentro del mismo caso, es decir, de la expresidenta Jeanine A\u00f1ez, los exministros de Justicia y Energ\u00edas, y oficiales que conformaron los altos mandos policial y militar, en 2019.<\/p>\n<p style=\"text-align: justify;\">Anunciaron que enviar\u00e1n una carta al secretario general de la Organizaci\u00f3n de Estados Americanos (OEA), Luis Almagro, para pedir la conformaci\u00f3n de una comisi\u00f3n internacional que investigue los hechos de \u00abcorrupci\u00f3n y persecuci\u00f3n pol\u00edtica\u00bb hasta la \u00abconsolidaci\u00f3n de la independencia\u00bb del sistema judicial en Bolivia.<\/p>\n<p style=\"text-align: justify;\">\u201cPedimos se conforme una comisi\u00f3n internacional que investigue los hechos de corrupci\u00f3n y persecuci\u00f3n pol\u00edtica, hasta consolidar la independencia del sistema judicial en Bolivia. Esta es la carta que hemos elaborado, se la vamos a hacer llegar al se\u00f1or Luis Almagro, exigi\u00e9ndole que conforme una comisi\u00f3n internacional de Derechos Humanos para que venga a velar por la seguridad y la persecuci\u00f3n bajo la que est\u00e1 sometido el pueblo boliviano\u201d, dijo.<\/p>\n<p style=\"text-align: justify;\">Exigen adem\u00e1s amnist\u00eda e indulto para l\u00edderes c\u00edvicos. \u201cNo permitir apresamiento ilegal ni persecuci\u00f3n contra quienes lucharon con la democracia. Exigir que se otorgue amnist\u00eda de forma igualitaria en favor de los ciudadanos, autoridades, l\u00edderes pol\u00edticos, militares y polic\u00edas que lucharon por el pa\u00eds\u201d.<\/p>\n<p style=\"text-align: justify;\">En el pronunciamiento, los c\u00edvicos tambi\u00e9n confirmaron su respaldo a las movilizaciones por parte del sector salud, en rechazo a la Ley 1359 de Emergencia Sanitaria.<\/p>\n","protected":false},"excerpt":{"rendered":"<p>A primera hora de esta tarde concluy\u00f3 la reuni\u00f3n entre representantes de los comit\u00e9s c\u00edvicos de todos los departamentos del pa\u00eds, quienes emitieron una resoluci\u00f3n en la que advierten con el inicio de un paro c\u00edvico nacional en el caso de que el Gobierno contin\u00fae con el arresto de exautoridades, ciudadanos, polic\u00edas y militares \u201ca [&hellip;]<\/p>\n","protected":false},"author":4,"featured_media":4054,"comment_status":"open","ping_status":"open","sticky":false,"template":"","format":"standard","meta":{"footnotes":""},"categories":[18,48,46],"tags":[],"class_list":["post-4053","post","type-post","status-publish","format-standard","has-post-thumbnail","category-politica","category-portada-general-sitio","category-portada-politica"],"_links":{"self":[{"href":"https:\/\/jms.com.bo\/mediamonitor\/wp-json\/wp\/v2\/posts\/4053","targetHints":{"allow":["GET"]}}],"collection":[{"href":"https:\/\/jms.com.bo\/mediamonitor\/wp-json\/wp\/v2\/posts"}],"about":[{"href":"https:\/\/jms.com.bo\/mediamonitor\/wp-json\/wp\/v2\/types\/post"}],"author":[{"embeddable":true,"href":"https:\/\/jms.com.bo\/mediamonitor\/wp-json\/wp\/v2\/users\/4"}],"replies":[{"embeddable":true,"href":"https:\/\/jms.com.bo\/mediamonitor\/wp-json\/wp\/v2\/comments?post=4053"}],"version-history":[{"count":1,"href":"https:\/\/jms.com.bo\/mediamonitor\/wp-json\/wp\/v2\/posts\/4053\/revisions"}],"predecessor-version":[{"id":4055,"href":"https:\/\/jms.com.bo\/mediamonitor\/wp-json\/wp\/v2\/posts\/4053\/revisions\/4055"}],"wp:featuredmedia":[{"embeddable":true,"href":"https:\/\/jms.com.bo\/mediamonitor\/wp-json\/wp\/v2\/media\/4054"}],"wp:attachment":[{"href":"https:\/\/jms.com.bo\/mediamonitor\/wp-json\/wp\/v2\/media?parent=4053"}],"wp:term":[{"taxonomy":"category","embeddable":true,"href":"https:\/\/jms.com.bo\/mediamonitor\/wp-json\/wp\/v2\/categories?post=4053"},{"taxonomy":"post_tag","embeddable":true,"href":"https:\/\/jms.com.bo\/mediamonitor\/wp-json\/wp\/v2\/tags?post=4053"}],"curies":[{"name":"wp","href":"https:\/\/api.w.org\/{rel}","templated":true}]}}