{"id":4063,"date":"2021-03-17T01:56:27","date_gmt":"2021-03-17T05:56:27","guid":{"rendered":"http:\/\/jms.com.bo\/mediamonitor\/?p=4063"},"modified":"2021-03-17T01:56:27","modified_gmt":"2021-03-17T05:56:27","slug":"el-desempleo-en-bolivia-comienza-a-descender-pero-no-a-los-niveles-anteriores-a-la-pandemia","status":"publish","type":"post","link":"https:\/\/jms.com.bo\/mediamonitor\/2021\/03\/17\/el-desempleo-en-bolivia-comienza-a-descender-pero-no-a-los-niveles-anteriores-a-la-pandemia\/","title":{"rendered":"El desempleo en Bolivia comienza a descender, pero no a los niveles anteriores a la pandemia"},"content":{"rendered":"<p style=\"text-align: justify;\">La tasa de desempleo comienza a descender en Bolivia, pero no a los niveles anteriores a la pandemia. De acuerdo al Instituto Nacional de Estad\u00edstica (INE) en el mes de enero de 2021 la tasa de desocupaci\u00f3n lleg\u00f3 al 9,67%.<\/p>\n<p style=\"text-align: justify;\">La cifra es menor a la registrada en el pico m\u00e1s alto de la pandemia, junio de 2020, cuando la tasa fue del 11,56%. Hasta antes de la emergencia sanitaria, el indicador lleg\u00f3 al 5,15%.<\/p>\n<p style=\"text-align: justify;\">La Comisi\u00f3n Econ\u00f3mica para Am\u00e9rica Latina y el Caribe (Cepal) estima que unos 2,7 millones de empresas han tenido que cerrar sus puertas por causa de la crisis sanitaria.<\/p>\n","protected":false},"excerpt":{"rendered":"<p>La tasa de desempleo comienza a descender en Bolivia, pero no a los niveles anteriores a la pandemia. De acuerdo al Instituto Nacional de Estad\u00edstica (INE) en el mes de enero de 2021 la tasa de desocupaci\u00f3n lleg\u00f3 al 9,67%. La cifra es menor a la registrada en el pico m\u00e1s alto de la pandemia, [&hellip;]<\/p>\n","protected":false},"author":4,"featured_media":4064,"comment_status":"open","ping_status":"open","sticky":false,"template":"","format":"standard","meta":{"footnotes":""},"categories":[25],"tags":[],"class_list":["post-4063","post","type-post","status-publish","format-standard","has-post-thumbnail","category-economia"],"_links":{"self":[{"href":"https:\/\/jms.com.bo\/mediamonitor\/wp-json\/wp\/v2\/posts\/4063","targetHints":{"allow":["GET"]}}],"collection":[{"href":"https:\/\/jms.com.bo\/mediamonitor\/wp-json\/wp\/v2\/posts"}],"about":[{"href":"https:\/\/jms.com.bo\/mediamonitor\/wp-json\/wp\/v2\/types\/post"}],"author":[{"embeddable":true,"href":"https:\/\/jms.com.bo\/mediamonitor\/wp-json\/wp\/v2\/users\/4"}],"replies":[{"embeddable":true,"href":"https:\/\/jms.com.bo\/mediamonitor\/wp-json\/wp\/v2\/comments?post=4063"}],"version-history":[{"count":1,"href":"https:\/\/jms.com.bo\/mediamonitor\/wp-json\/wp\/v2\/posts\/4063\/revisions"}],"predecessor-version":[{"id":4065,"href":"https:\/\/jms.com.bo\/mediamonitor\/wp-json\/wp\/v2\/posts\/4063\/revisions\/4065"}],"wp:featuredmedia":[{"embeddable":true,"href":"https:\/\/jms.com.bo\/mediamonitor\/wp-json\/wp\/v2\/media\/4064"}],"wp:attachment":[{"href":"https:\/\/jms.com.bo\/mediamonitor\/wp-json\/wp\/v2\/media?parent=4063"}],"wp:term":[{"taxonomy":"category","embeddable":true,"href":"https:\/\/jms.com.bo\/mediamonitor\/wp-json\/wp\/v2\/categories?post=4063"},{"taxonomy":"post_tag","embeddable":true,"href":"https:\/\/jms.com.bo\/mediamonitor\/wp-json\/wp\/v2\/tags?post=4063"}],"curies":[{"name":"wp","href":"https:\/\/api.w.org\/{rel}","templated":true}]}}