{"id":4066,"date":"2021-03-17T01:58:04","date_gmt":"2021-03-17T05:58:04","guid":{"rendered":"http:\/\/jms.com.bo\/mediamonitor\/?p=4066"},"modified":"2021-03-17T01:58:04","modified_gmt":"2021-03-17T05:58:04","slug":"arce-asegura-que-no-se-reduciran-los-recursos-a-gobernaciones-y-municipios","status":"publish","type":"post","link":"https:\/\/jms.com.bo\/mediamonitor\/2021\/03\/17\/arce-asegura-que-no-se-reduciran-los-recursos-a-gobernaciones-y-municipios\/","title":{"rendered":"Arce asegura que no se reducir\u00e1n los recursos a gobernaciones y municipios"},"content":{"rendered":"<p class=\"rtejustify\" style=\"text-align: justify;\">El presidente del Estado, Luis Arce, manifest\u00f3 este martes que la reformulaci\u00f3n del Presupuesto General del Estado 2021, prev\u00e9 incrementar la inversi\u00f3n p\u00fablica y dinamizar la econom\u00eda; asimismo, asegur\u00f3 que no se reducir\u00e1n los recursos asignados para las gobernaciones y municipios.<\/p>\n<p class=\"rtejustify\" style=\"text-align: justify;\">\u00abLa reformulaci\u00f3n del PGE 2021 permitir\u00e1 incrementar la inversi\u00f3n p\u00fablica y dinamizar la econom\u00eda. De ninguna manera se reducir\u00e1n los recursos asignados para las gobernaciones y municipios\u00bb, inform\u00f3 el mandatario desde su cuenta de Twitter.<\/p>\n<p class=\"rtejustify\" style=\"text-align: justify;\">Arce comprometi\u00f3 que para esta gesti\u00f3n no se afectar\u00e1n los recursos de estos niveles de gobierno. \u00abLa derecha busca desinformar a la poblaci\u00f3n con mentiras infundadas. Este a\u00f1o hemos programado una inversi\u00f3n p\u00fablica de $us 4.011 millones. #VamosASalirAdelante\u00bb.<\/p>\n<p class=\"rtejustify\" style=\"text-align: justify;\">El mandatario que desde el 11 de marzo no hab\u00eda aparecido en ning\u00fan acto p\u00fablico y tampoco emiti\u00f3 comentario alguno acerca de las detenciones de exautoridades del gobierno de transici\u00f3n, este martes, comparti\u00f3 fotograf\u00edas de una reuni\u00f3n con la bancada de legisladores del MAS.<\/p>\n<p class=\"rtejustify\" style=\"text-align: justify;\">\u00abHoy, junto a nuestras hermanas y hermanos asamble\u00edstas analizamos las pol\u00edticas p\u00fablicas que permitan reactivar la econom\u00eda y las medidas de lucha contra la pandemia. Cumplimos el mandato del pueblo boliviano. #VamosASalirAdelante\u00bb, afirm\u00f3.<\/p>\n<p class=\"rtejustify\" style=\"text-align: justify;\">Un an\u00e1lisis de la Fundaci\u00f3n Jubileo se\u00f1ala que los principales recursos que reciben los gobiernos departamentales y municipales provienen de la participaci\u00f3n de recaudaciones nacionales. Estos ingresos cayeron en 37% para el caso de municipios y en 54% para las gobernaciones, entre 2014 y 2020.<\/p>\n<p class=\"rtejustify\" style=\"text-align: justify;\">Asimismo, dice que la informaci\u00f3n procesada con base en datos oficiales, los ingresos para el pa\u00eds aumentaron significativamente hasta el a\u00f1o 2014 y, en adelante, comenzaron a disminuir, principalmente por la ca\u00edda de la renta por hidrocarburos (IDH y regal\u00edas), tanto por factor precio como por vol\u00famenes de producci\u00f3n y exportaci\u00f3n.<\/p>\n","protected":false},"excerpt":{"rendered":"<p>El presidente del Estado, Luis Arce, manifest\u00f3 este martes que la reformulaci\u00f3n del Presupuesto General del Estado 2021, prev\u00e9 incrementar la inversi\u00f3n p\u00fablica y dinamizar la econom\u00eda; asimismo, asegur\u00f3 que no se reducir\u00e1n los recursos asignados para las gobernaciones y municipios. \u00abLa reformulaci\u00f3n del PGE 2021 permitir\u00e1 incrementar la inversi\u00f3n p\u00fablica y dinamizar la econom\u00eda. [&hellip;]<\/p>\n","protected":false},"author":4,"featured_media":4067,"comment_status":"open","ping_status":"open","sticky":false,"template":"","format":"standard","meta":{"footnotes":""},"categories":[25,45,48],"tags":[],"class_list":["post-4066","post","type-post","status-publish","format-standard","has-post-thumbnail","category-economia","category-portada-economia","category-portada-general-sitio"],"_links":{"self":[{"href":"https:\/\/jms.com.bo\/mediamonitor\/wp-json\/wp\/v2\/posts\/4066","targetHints":{"allow":["GET"]}}],"collection":[{"href":"https:\/\/jms.com.bo\/mediamonitor\/wp-json\/wp\/v2\/posts"}],"about":[{"href":"https:\/\/jms.com.bo\/mediamonitor\/wp-json\/wp\/v2\/types\/post"}],"author":[{"embeddable":true,"href":"https:\/\/jms.com.bo\/mediamonitor\/wp-json\/wp\/v2\/users\/4"}],"replies":[{"embeddable":true,"href":"https:\/\/jms.com.bo\/mediamonitor\/wp-json\/wp\/v2\/comments?post=4066"}],"version-history":[{"count":1,"href":"https:\/\/jms.com.bo\/mediamonitor\/wp-json\/wp\/v2\/posts\/4066\/revisions"}],"predecessor-version":[{"id":4068,"href":"https:\/\/jms.com.bo\/mediamonitor\/wp-json\/wp\/v2\/posts\/4066\/revisions\/4068"}],"wp:featuredmedia":[{"embeddable":true,"href":"https:\/\/jms.com.bo\/mediamonitor\/wp-json\/wp\/v2\/media\/4067"}],"wp:attachment":[{"href":"https:\/\/jms.com.bo\/mediamonitor\/wp-json\/wp\/v2\/media?parent=4066"}],"wp:term":[{"taxonomy":"category","embeddable":true,"href":"https:\/\/jms.com.bo\/mediamonitor\/wp-json\/wp\/v2\/categories?post=4066"},{"taxonomy":"post_tag","embeddable":true,"href":"https:\/\/jms.com.bo\/mediamonitor\/wp-json\/wp\/v2\/tags?post=4066"}],"curies":[{"name":"wp","href":"https:\/\/api.w.org\/{rel}","templated":true}]}}