{"id":4069,"date":"2021-03-17T01:59:51","date_gmt":"2021-03-17T05:59:51","guid":{"rendered":"http:\/\/jms.com.bo\/mediamonitor\/?p=4069"},"modified":"2021-03-17T01:59:51","modified_gmt":"2021-03-17T05:59:51","slug":"bp-cierra-compra-de-energia-eolica-por-15-anos-con-un-parque-brasileno","status":"publish","type":"post","link":"https:\/\/jms.com.bo\/mediamonitor\/2021\/03\/17\/bp-cierra-compra-de-energia-eolica-por-15-anos-con-un-parque-brasileno\/","title":{"rendered":"BP cierra compra de energ\u00eda e\u00f3lica por 15 a\u00f1os con un parque brasile\u00f1o"},"content":{"rendered":"<p style=\"text-align: justify;\">El acuerdo, que prev\u00e9 el suministro de energ\u00eda e\u00f3lica con aerogeneradores a partir de 2023, se firm\u00f3 con la unidad local de comercializaci\u00f3n de energ\u00eda de BP y prev\u00e9 la entrega de la producci\u00f3n del parque e\u00f3lico Rei do Vento, actualmente en construcci\u00f3n por Casa dos Ventos en Rio Grande do Norte.<\/p>\n<p style=\"text-align: justify;\">BP Comercializadora de Energ\u00eda opera en el mercado libre de electricidad, un entorno en el que las empresas de alto consumo, como las industrias, pueden negociar directamente sus contratos de suministro con los proveedores.<\/p>\n<p style=\"text-align: justify;\">\u201cNuestro s\u00f3lido equilibrio financiero y calificaci\u00f3n crediticia nos permite suministrar energ\u00eda de una variedad de fuentes a precios competitivos. El contrato con Casa dos Ventos demuestra el compromiso a largo plazo de BP con Brasil y nuestro enfoque en la transici\u00f3n energ\u00e9tica \u201d, dijo Felipe Quaresma, jefe de generaci\u00f3n de energ\u00eda de BP.<\/p>\n<p style=\"text-align: justify;\">BP y Casa dos Ventos no mencionaron los vol\u00famenes involucrados en la operaci\u00f3n anunciada. El parque e\u00f3lico Casa dos Ventos en Rio Grande do Norte tendr\u00e1 una capacidad instalada de m\u00e1s de 1 gigavatio, seg\u00fan la empresa.<\/p>\n<p style=\"text-align: justify;\">El promotor hab\u00eda anunciado previamente contratos para la venta de energ\u00eda e\u00f3lica a empresas como Braskem, Tivit y Anglo American, entre otras.<\/p>\n<p style=\"text-align: justify;\">\n","protected":false},"excerpt":{"rendered":"<p>El acuerdo, que prev\u00e9 el suministro de energ\u00eda e\u00f3lica con aerogeneradores a partir de 2023, se firm\u00f3 con la unidad local de comercializaci\u00f3n de energ\u00eda de BP y prev\u00e9 la entrega de la producci\u00f3n del parque e\u00f3lico Rei do Vento, actualmente en construcci\u00f3n por Casa dos Ventos en Rio Grande do Norte. BP Comercializadora de [&hellip;]<\/p>\n","protected":false},"author":4,"featured_media":4070,"comment_status":"open","ping_status":"open","sticky":false,"template":"","format":"standard","meta":{"footnotes":""},"categories":[39],"tags":[],"class_list":["post-4069","post","type-post","status-publish","format-standard","has-post-thumbnail","category-energia"],"_links":{"self":[{"href":"https:\/\/jms.com.bo\/mediamonitor\/wp-json\/wp\/v2\/posts\/4069","targetHints":{"allow":["GET"]}}],"collection":[{"href":"https:\/\/jms.com.bo\/mediamonitor\/wp-json\/wp\/v2\/posts"}],"about":[{"href":"https:\/\/jms.com.bo\/mediamonitor\/wp-json\/wp\/v2\/types\/post"}],"author":[{"embeddable":true,"href":"https:\/\/jms.com.bo\/mediamonitor\/wp-json\/wp\/v2\/users\/4"}],"replies":[{"embeddable":true,"href":"https:\/\/jms.com.bo\/mediamonitor\/wp-json\/wp\/v2\/comments?post=4069"}],"version-history":[{"count":1,"href":"https:\/\/jms.com.bo\/mediamonitor\/wp-json\/wp\/v2\/posts\/4069\/revisions"}],"predecessor-version":[{"id":4071,"href":"https:\/\/jms.com.bo\/mediamonitor\/wp-json\/wp\/v2\/posts\/4069\/revisions\/4071"}],"wp:featuredmedia":[{"embeddable":true,"href":"https:\/\/jms.com.bo\/mediamonitor\/wp-json\/wp\/v2\/media\/4070"}],"wp:attachment":[{"href":"https:\/\/jms.com.bo\/mediamonitor\/wp-json\/wp\/v2\/media?parent=4069"}],"wp:term":[{"taxonomy":"category","embeddable":true,"href":"https:\/\/jms.com.bo\/mediamonitor\/wp-json\/wp\/v2\/categories?post=4069"},{"taxonomy":"post_tag","embeddable":true,"href":"https:\/\/jms.com.bo\/mediamonitor\/wp-json\/wp\/v2\/tags?post=4069"}],"curies":[{"name":"wp","href":"https:\/\/api.w.org\/{rel}","templated":true}]}}