{"id":40751,"date":"2022-12-29T06:42:09","date_gmt":"2022-12-29T10:42:09","guid":{"rendered":"https:\/\/jms.com.bo\/mediamonitor\/2022\/12\/29\/aerolineas-suspenden-operaciones-en-viru-viru-por-ingreso-de-personas-afines-al-gobernador-camacho\/"},"modified":"2022-12-29T06:42:09","modified_gmt":"2022-12-29T10:42:09","slug":"aerolineas-suspenden-operaciones-en-viru-viru-por-ingreso-de-personas-afines-al-gobernador-camacho","status":"publish","type":"post","link":"https:\/\/jms.com.bo\/mediamonitor\/2022\/12\/29\/aerolineas-suspenden-operaciones-en-viru-viru-por-ingreso-de-personas-afines-al-gobernador-camacho\/","title":{"rendered":"Aerol\u00edneas suspenden operaciones en Viru Viru por ingreso de personas afines al gobernador Camacho"},"content":{"rendered":"<p style=\"text-align: justify;\">Las aerol\u00edneas Boliviana de Aviaci\u00f3n (BoA), AMAS y Ecojet suspendieron sus operaciones en al aeropuerto internacional Viru Viru, luego de que ingresaran personas afines al gobernador de Santa Cruz, Luis Fernando Camacho, que fue detenido hoy por un grupo de polic\u00edas y se presume que fue trasladado a La Paz.<\/p>\n<p style=\"text-align: justify;\">Luego de las 14:00, simpatizantes de la primera autoridad de Santa Cruz se trasladaron a la terminal a\u00e9rea con el objetivo de impedir su viaje a la sede de Gobierno, donde fue llevado por una orden de aprehensi\u00f3n, acusado por la crisis de 2019 que deriv\u00f3 en la renuncia del entonces presidente Evo Morales y, recientemente, hab\u00eda sido acusado de \u00abterrorismo\u00bb por el paro de los 36 d\u00edas.<\/p>\n<p style=\"text-align: justify;\">A trav\u00e9s de un comunicado oficial en sus redes sociales, BoA indica: \u00abnuestras operaciones a\u00e9reas hacia y desde ese aeropuerto han sido suspendidas temporalmente de acuerdo a Notam (restricci\u00f3n aeroportuaria) a fin de resguardar la seguridad de nuestros usuarios\u00bb.<\/p>\n<p style=\"text-align: justify;\">Asimismo, explican que los vuelos que se encontraban en aire rumbo a Santa Cruz retornaron o se desviaron.<\/p>\n<p style=\"text-align: justify;\">\u00abLos pasajeros que deseen modificar fecha u horario de su vuelo del d\u00eda de hoy hacia y desde Santa Cruz podr\u00e1n realizarlo sin costo\u00bb, agrega la nota.<\/p>\n<p style=\"text-align: justify;\">En tanto que la compa\u00f1\u00eda a\u00e9rea AMAS (Amaszonas) se\u00f1ala que se suspendieron los vuelos programados desde Santa Cruz a La Paz, ida y vuelta desde las 16:30 a 19:30.<\/p>\n<p style=\"text-align: justify;\">La l\u00ednea a\u00e9rea Ecojet tambi\u00e9n emiti\u00f3 un comunicado oficial en sus redes indicando que sus usuarios deb\u00edan reprogramar sus vuelos a trav\u00e9s del contact center, sin costo alguno. Ten\u00edan previsto para hoy los vuelos Santa Cruz-Sucre, Sucre-Santa Cruz y Santa Cruz-Cochabamba, que fueron cancelados por los mismos motivos explicados por BoA y AMAS.<\/p>\n<p style=\"text-align: justify;\">Naabol toma control del aeropuerto Viru Viru<\/p>\n<p style=\"text-align: justify;\">En conferencia de prensa, el director de la estatal Navegaci\u00f3n A\u00e9rea y Aeropuertos Bolivianos (Naabol), Elmer Pozo, denunci\u00f3 destrozos en el aeropuerto de Viru Viru de Santa Cruz, y la supuesta agresi\u00f3n a funcionarios de parte de la Uni\u00f3n Juvenil Cruce\u00f1ista y legisladores de la bancada de Creemos, tras la detenci\u00f3n del gobernador Fernando Camacho.<\/p>\n<p style=\"text-align: justify;\">Pozo sostuvo que se garantizan los vuelos en la terminal a\u00e9rea tras intervenci\u00f3n militar y policial.<\/p>\n","protected":false},"excerpt":{"rendered":"<p>Las aerol\u00edneas Boliviana de Aviaci\u00f3n (BoA), AMAS y Ecojet suspendieron sus operaciones en al aeropuerto internacional Viru Viru, luego de que ingresaran personas afines al gobernador de Santa Cruz, Luis Fernando Camacho, que fue detenido hoy por un grupo de polic\u00edas y se presume que fue trasladado a La Paz. Luego de las 14:00, simpatizantes [&hellip;]<\/p>\n","protected":false},"author":4,"featured_media":40752,"comment_status":"open","ping_status":"open","sticky":false,"template":"","format":"standard","meta":{"footnotes":""},"categories":[20,47,48],"tags":[],"class_list":{"0":"post-40751","1":"post","2":"type-post","3":"status-publish","4":"format-standard","5":"has-post-thumbnail","7":"category-actualidad","8":"category-portada-actualidad","9":"category-portada-general-sitio"},"_links":{"self":[{"href":"https:\/\/jms.com.bo\/mediamonitor\/wp-json\/wp\/v2\/posts\/40751","targetHints":{"allow":["GET"]}}],"collection":[{"href":"https:\/\/jms.com.bo\/mediamonitor\/wp-json\/wp\/v2\/posts"}],"about":[{"href":"https:\/\/jms.com.bo\/mediamonitor\/wp-json\/wp\/v2\/types\/post"}],"author":[{"embeddable":true,"href":"https:\/\/jms.com.bo\/mediamonitor\/wp-json\/wp\/v2\/users\/4"}],"replies":[{"embeddable":true,"href":"https:\/\/jms.com.bo\/mediamonitor\/wp-json\/wp\/v2\/comments?post=40751"}],"version-history":[{"count":0,"href":"https:\/\/jms.com.bo\/mediamonitor\/wp-json\/wp\/v2\/posts\/40751\/revisions"}],"wp:featuredmedia":[{"embeddable":true,"href":"https:\/\/jms.com.bo\/mediamonitor\/wp-json\/wp\/v2\/media\/40752"}],"wp:attachment":[{"href":"https:\/\/jms.com.bo\/mediamonitor\/wp-json\/wp\/v2\/media?parent=40751"}],"wp:term":[{"taxonomy":"category","embeddable":true,"href":"https:\/\/jms.com.bo\/mediamonitor\/wp-json\/wp\/v2\/categories?post=40751"},{"taxonomy":"post_tag","embeddable":true,"href":"https:\/\/jms.com.bo\/mediamonitor\/wp-json\/wp\/v2\/tags?post=40751"}],"curies":[{"name":"wp","href":"https:\/\/api.w.org\/{rel}","templated":true}]}}