{"id":40753,"date":"2022-12-29T06:44:38","date_gmt":"2022-12-29T10:44:38","guid":{"rendered":"https:\/\/jms.com.bo\/mediamonitor\/2022\/12\/29\/conade-llama-a-la-desobediencia-civil-como-protesta-por-la-aprehension-de-camacho\/"},"modified":"2022-12-29T06:44:38","modified_gmt":"2022-12-29T10:44:38","slug":"conade-llama-a-la-desobediencia-civil-como-protesta-por-la-aprehension-de-camacho","status":"publish","type":"post","link":"https:\/\/jms.com.bo\/mediamonitor\/2022\/12\/29\/conade-llama-a-la-desobediencia-civil-como-protesta-por-la-aprehension-de-camacho\/","title":{"rendered":"Conade llama a la desobediencia civil como protesta por la aprehensi\u00f3n de Camacho"},"content":{"rendered":"<p style=\"text-align: justify;\">El Comit\u00e9 Nacional de Defensa de la Democracia (Conade) llama a la desobediencia civil y cuestiona la \u201cdisputa intercaudillos\u201d en el interior del masismo. En un comunicado compartido con los medios de comunicaci\u00f3n, considera que se vive \u201cuna nicarag\u00fcizaci\u00f3n de la represi\u00f3n pol\u00edtica, en la cual se busca eliminar a todos los opositores con posibilidades de convocatoria\u201d. Adem\u00e1s indica que existe una \u00ababusiva provocaci\u00f3n del Gobierno de Luis Arce\u00bb.<\/p>\n<p style=\"text-align: justify;\">El Conade se refiere a \u201cla detenci\u00f3n ilegal del gobernador cruce\u00f1o Luis Fernando Camacho; por cuanto se llev\u00f3 a efecto con la intervenci\u00f3n de un fiscal de otra jurisdicci\u00f3n. Es un claro secuestro y parte del terrorismo de Estado vigente en Bolivia actualmente\u201d. Este mi\u00e9rcoles Camacho fue aprehendido en Santa Cruz y llevado a La Paz.<\/p>\n<p style=\"text-align: justify;\">Pronunciamiento del Conade<\/p>\n<p style=\"text-align: justify;\">El pronunciamiento alude a una \u201creiteraci\u00f3n solapada de las intenciones del r\u00e9gimen autoritario de doblar el brazo a Santa Cruz, porque la entienden e interpretan como el \u00faltimo basti\u00f3n fuerte de la resistencia ciudadana a sus prop\u00f3sitos totalitarios\u201d.<\/p>\n<p style=\"text-align: justify;\">El Conade se solidariz\u00f3 con la familia de Camacho y con el pueblo cruce\u00f1o, adem\u00e1s que se declarar\u00f3 en \u201cemergencia y vigilancia permanente a nivel nacional y convoca a la movilizaci\u00f3n general\u201d de todas sus filiales en el pa\u00eds y en el exterior; anunci\u00f3 que convocar\u00e1 a una movilizaci\u00f3n nacional de la poblaci\u00f3n.<\/p>\n","protected":false},"excerpt":{"rendered":"<p>El Comit\u00e9 Nacional de Defensa de la Democracia (Conade) llama a la desobediencia civil y cuestiona la \u201cdisputa intercaudillos\u201d en el interior del masismo. En un comunicado compartido con los medios de comunicaci\u00f3n, considera que se vive \u201cuna nicarag\u00fcizaci\u00f3n de la represi\u00f3n pol\u00edtica, en la cual se busca eliminar a todos los opositores con posibilidades [&hellip;]<\/p>\n","protected":false},"author":4,"featured_media":40754,"comment_status":"open","ping_status":"open","sticky":false,"template":"","format":"standard","meta":{"footnotes":""},"categories":[18],"tags":[],"class_list":{"0":"post-40753","1":"post","2":"type-post","3":"status-publish","4":"format-standard","5":"has-post-thumbnail","7":"category-politica"},"_links":{"self":[{"href":"https:\/\/jms.com.bo\/mediamonitor\/wp-json\/wp\/v2\/posts\/40753","targetHints":{"allow":["GET"]}}],"collection":[{"href":"https:\/\/jms.com.bo\/mediamonitor\/wp-json\/wp\/v2\/posts"}],"about":[{"href":"https:\/\/jms.com.bo\/mediamonitor\/wp-json\/wp\/v2\/types\/post"}],"author":[{"embeddable":true,"href":"https:\/\/jms.com.bo\/mediamonitor\/wp-json\/wp\/v2\/users\/4"}],"replies":[{"embeddable":true,"href":"https:\/\/jms.com.bo\/mediamonitor\/wp-json\/wp\/v2\/comments?post=40753"}],"version-history":[{"count":0,"href":"https:\/\/jms.com.bo\/mediamonitor\/wp-json\/wp\/v2\/posts\/40753\/revisions"}],"wp:featuredmedia":[{"embeddable":true,"href":"https:\/\/jms.com.bo\/mediamonitor\/wp-json\/wp\/v2\/media\/40754"}],"wp:attachment":[{"href":"https:\/\/jms.com.bo\/mediamonitor\/wp-json\/wp\/v2\/media?parent=40753"}],"wp:term":[{"taxonomy":"category","embeddable":true,"href":"https:\/\/jms.com.bo\/mediamonitor\/wp-json\/wp\/v2\/categories?post=40753"},{"taxonomy":"post_tag","embeddable":true,"href":"https:\/\/jms.com.bo\/mediamonitor\/wp-json\/wp\/v2\/tags?post=40753"}],"curies":[{"name":"wp","href":"https:\/\/api.w.org\/{rel}","templated":true}]}}