{"id":40784,"date":"2022-12-29T07:15:54","date_gmt":"2022-12-29T11:15:54","guid":{"rendered":"https:\/\/jms.com.bo\/mediamonitor\/2022\/12\/29\/villa-montes-construiran-planta-de-aceite-vegetal-para-biodiesel\/"},"modified":"2022-12-29T07:15:54","modified_gmt":"2022-12-29T11:15:54","slug":"villa-montes-construiran-planta-de-aceite-vegetal-para-biodiesel","status":"publish","type":"post","link":"https:\/\/jms.com.bo\/mediamonitor\/2022\/12\/29\/villa-montes-construiran-planta-de-aceite-vegetal-para-biodiesel\/","title":{"rendered":"Villa Montes: Construir\u00e1n planta de aceite vegetal para biodiesel"},"content":{"rendered":"<p style=\"text-align: justify;\">En el primer trimestre de la gesti\u00f3n 2023 proyectan iniciar la construcci\u00f3n de la planta procesadora de extracci\u00f3n de aceite vegetal en la ciudad de Villa Montes. Dicha iniciativa ser\u00e1 financiada por el Gobierno nacional, sin embargo, es el Gobierno Regional de Villa Montes el que garantizar\u00e1 los terrenos para su emplazamiento.<\/p>\n<p style=\"text-align: justify;\">Se estima que la construcci\u00f3n de la planta de extracci\u00f3n de aceite de macoror\u00f3 y jatropha demandar\u00e1 una inversi\u00f3n de 81.752.931 bolivianos, y ser\u00e1 ejecutada a inicios de la gesti\u00f3n 2023 con un plazo de 12 meses, por lo que prev\u00e9n concluirla a finales de ese mismo a\u00f1o, para que pueda entrar en funcionamiento a inicios de la gesti\u00f3n 2024.<\/p>\n<p style=\"text-align: justify;\">Esta industria que estar\u00e1 bajo supervisi\u00f3n del Servicio de Desarrollo de las Empresas P\u00fablicas Productivas (Sedem), tendr\u00e1 como objetivo la producci\u00f3n de aceite, de manera que Yacimientos Petrol\u00edferos Fiscales Bolivianos (YPFB) pueda usar esta materia prima para generar di\u00e9sel ecol\u00f3gico, esto con la finalidad de remplazar la importaci\u00f3n de este carburante.<\/p>\n<p style=\"text-align: justify;\">Planta de macoror\u00f3<\/p>\n<p style=\"text-align: justify;\">El terreno<\/p>\n<p style=\"text-align: justify;\">El pasado 27 de diciembre, ocasi\u00f3n en la que se festejaba el aniversario 117 de Villa Montes, ha sido la ejecutiva de Desarrollo de esa regi\u00f3n, Karen S\u00e1nchez, quien ha confirmado la construcci\u00f3n de esta industria en este municipio chaque\u00f1o.<\/p>\n<p style=\"text-align: justify;\">S\u00e1nchez hizo \u00e9nfasis que a nivel nacional ser\u00e1n cuatro plantas de extracci\u00f3n de aceite, una estar\u00e1 ubicada en La Paz, otra en Cochabamba, la tercera en Beni y la cuarta en Tarija, en la Regi\u00f3n Aut\u00f3noma del Chaco.<\/p>\n<p style=\"text-align: justify;\">\u201c\u00bfSaben cu\u00e1l era el tropiezo? El terreno. En gestiones anteriores se constru\u00edan sin tener la seguridad del terreno, (\u2026) en nuestra gesti\u00f3n queremos hacer las cosas correctas y legales, es por eso que para que se implemente un proyecto, debemos tener la seguridad jur\u00eddica del terreno\u201d, mencion\u00f3 S\u00e1nchez, a tiempo de advertir que ya se tiene un convenio firmado para garantizar el espacio, e incluso cuenta con resoluci\u00f3n jur\u00eddica emitida por el INRA.<\/p>\n<p style=\"text-align: justify;\">La autoridad detall\u00f3 que esta planta estar\u00e1 ubicada en la zona industrial de Villa Montes, la cual se ubica sobre la Ruta 11 hacia Paraguay, en la comunidad de La Vertiente.<\/p>\n<p style=\"text-align: justify;\">\u201c(El terreno) tiene una dimensi\u00f3n de 7,25 hect\u00e1reas que le estamos dotando al Sedem para que realice la construcci\u00f3n de esta planta. (\u2026) la capacidad de producci\u00f3n es de ocho toneladas por hora\u201d, indic\u00f3.<\/p>\n<p style=\"text-align: justify;\">S\u00e1nchez hizo \u00e9nfasis que para que esta industria pueda operar, se necesita del compromiso y participaci\u00f3n del sector productivo, para que puedan disponer 15.000 hect\u00e1reas para producir 66.000 toneladas de materia prima, que debe ser entregada anualmente para que la planta funcione en su m\u00e1xima capacidad. Asegur\u00f3 que el Sedem comprar\u00e1 esta producci\u00f3n.<\/p>\n<p style=\"text-align: justify;\">En lo que respecta la provisi\u00f3n de semilla de macoror\u00f3 y jatropha, S\u00e1nchez asegur\u00f3 que el Instituto Nacional de Innovaci\u00f3n Agropecuaria y Forestal (INIAF) ya est\u00e1 trabajando en el proceso de adquisici\u00f3n.<\/p>\n<p style=\"text-align: justify;\">\u201cUna vez extra\u00eddo el aceite vegetal, esto se va a transportar a la ciudad de Santa Cruz en camiones y aqu\u00ed ya estamos generando reactivaci\u00f3n econ\u00f3mica. Esta materia prima ser\u00e1 usada para la producci\u00f3n de biocombustible\u201d, refiri\u00f3.<\/p>\n<p style=\"text-align: justify;\">S\u00e1nchez dijo que a\u00fan hay tarea pendiente con el INRA, para poder definir los espacios para lo que ser\u00e1 el Parque Industrial de Villa Montes.<\/p>\n<p style=\"text-align: justify;\">En la oportunidad, el rector de la Universidad Aut\u00f3noma Juan Misael Saracho (UAJMS), Eduardo Cortez, comprometi\u00f3 poner a disposici\u00f3n de esta industria todas las facultades de esta casa de estudios superiores para coadyuvar con el desarrollo e investigaciones.<\/p>\n<p style=\"text-align: justify;\">La planta generar\u00e1 125 fuentes de empleos<\/p>\n<p style=\"text-align: justify;\">El representante de Industria Boliviana de Aceites Ecol\u00f3gicos (IBAE), Arnaldo Wayar, se\u00f1al\u00f3 que la construcci\u00f3n de la planta procesadora de extracci\u00f3n de aceite vegetal en la ciudad de Villa Montes va generar reactivaci\u00f3n econ\u00f3mica, ya que se prev\u00e9 generar de manera directa 125 fuentes de empleos, mientras que los empleos indirectos ser\u00e1n m\u00e1s de 500.<\/p>\n<p style=\"text-align: justify;\">\u201cCon las otras plantas (que se construyen en otros departamentos) se van a generar m\u00e1s de 1.500 empleos directos y otros tantos empleos indirectos\u201d, manifest\u00f3.<\/p>\n","protected":false},"excerpt":{"rendered":"<p>En el primer trimestre de la gesti\u00f3n 2023 proyectan iniciar la construcci\u00f3n de la planta procesadora de extracci\u00f3n de aceite vegetal en la ciudad de Villa Montes. Dicha iniciativa ser\u00e1 financiada por el Gobierno nacional, sin embargo, es el Gobierno Regional de Villa Montes el que garantizar\u00e1 los terrenos para su emplazamiento. Se estima que [&hellip;]<\/p>\n","protected":false},"author":4,"featured_media":40785,"comment_status":"open","ping_status":"open","sticky":false,"template":"","format":"standard","meta":{"footnotes":""},"categories":[40,23],"tags":[],"class_list":{"0":"post-40784","1":"post","2":"type-post","3":"status-publish","4":"format-standard","5":"has-post-thumbnail","7":"category-bolivia","8":"category-hidrocarburos"},"_links":{"self":[{"href":"https:\/\/jms.com.bo\/mediamonitor\/wp-json\/wp\/v2\/posts\/40784","targetHints":{"allow":["GET"]}}],"collection":[{"href":"https:\/\/jms.com.bo\/mediamonitor\/wp-json\/wp\/v2\/posts"}],"about":[{"href":"https:\/\/jms.com.bo\/mediamonitor\/wp-json\/wp\/v2\/types\/post"}],"author":[{"embeddable":true,"href":"https:\/\/jms.com.bo\/mediamonitor\/wp-json\/wp\/v2\/users\/4"}],"replies":[{"embeddable":true,"href":"https:\/\/jms.com.bo\/mediamonitor\/wp-json\/wp\/v2\/comments?post=40784"}],"version-history":[{"count":0,"href":"https:\/\/jms.com.bo\/mediamonitor\/wp-json\/wp\/v2\/posts\/40784\/revisions"}],"wp:featuredmedia":[{"embeddable":true,"href":"https:\/\/jms.com.bo\/mediamonitor\/wp-json\/wp\/v2\/media\/40785"}],"wp:attachment":[{"href":"https:\/\/jms.com.bo\/mediamonitor\/wp-json\/wp\/v2\/media?parent=40784"}],"wp:term":[{"taxonomy":"category","embeddable":true,"href":"https:\/\/jms.com.bo\/mediamonitor\/wp-json\/wp\/v2\/categories?post=40784"},{"taxonomy":"post_tag","embeddable":true,"href":"https:\/\/jms.com.bo\/mediamonitor\/wp-json\/wp\/v2\/tags?post=40784"}],"curies":[{"name":"wp","href":"https:\/\/api.w.org\/{rel}","templated":true}]}}