{"id":40786,"date":"2022-12-29T07:17:20","date_gmt":"2022-12-29T11:17:20","guid":{"rendered":"https:\/\/jms.com.bo\/mediamonitor\/2022\/12\/29\/bolivia-envio-volumen-mas-bajo-de-gas-a-argentina\/"},"modified":"2022-12-29T07:17:20","modified_gmt":"2022-12-29T11:17:20","slug":"bolivia-envio-volumen-mas-bajo-de-gas-a-argentina","status":"publish","type":"post","link":"https:\/\/jms.com.bo\/mediamonitor\/2022\/12\/29\/bolivia-envio-volumen-mas-bajo-de-gas-a-argentina\/","title":{"rendered":"Bolivia envi\u00f3 volumen m\u00e1s bajo de gas a Argentina"},"content":{"rendered":"<p style=\"text-align: justify;\">En noviembre el pa\u00eds export\u00f3 5,9 millones de metros c\u00fabicos diarios de gas (MMmcd) a Argentina, la cantidad m\u00e1s baja del a\u00f1o, incluso por debajo de la adenda vigente que establece un volumen base de 7,5 MMmcd, seg\u00fan datos de Energ\u00eda Argentina (Enarsa), analizados por Radar Energ\u00e9tico.<\/p>\n<p style=\"text-align: justify;\">El volumen llega a ser casi un tercio de lo que Bolivia export\u00f3 en julio, cuando se lleg\u00f3 a los 15 MMmcd. En esa temporada, el pa\u00eds vecino demand\u00f3 mayor energ\u00eda por la baja de las temperaturas. A partir de ese mes la demanda fue en descenso con el ingreso de la primavera.<\/p>\n<p style=\"text-align: justify;\">Por ejemplo, en agosto la demanda fue de 12,6 MMmcd y en septiembre de 14 MMmcd. En octubre se alcanz\u00f3 7,7 MMmcd, de acuerdo con datos del regulador argentino Enargas.<\/p>\n<p style=\"text-align: justify;\">Se espera que los vol\u00famenes se mantengan bajos hasta abril, cuando comienzan nuevamente a descender las temperaturas.<\/p>\n<p style=\"text-align: justify;\">Actualmente, Argentina negocia la conclusi\u00f3n anticipada del contrato con nuestro pa\u00eds y que sea en 2024 y no en 2026, como est\u00e1 previsto. Esta medida es asumida por ese gobierno, tomando en cuenta que la construcci\u00f3n del gasoducto N\u00e9stor Kirchner, en su segunda etapa, estar\u00e1 operable en el segundo semestre el siguiente a\u00f1o y que alimentar\u00e1 de gas a todas las provincias del norte argentino.<\/p>\n<p style=\"text-align: justify;\">La secretaria de Energ\u00eda de Argentina, Flavia Roy\u00f3n, dijo que se eval\u00faan alternativas para el abastecimiento en el invierno del siguiente a\u00f1o en caso de que Bolivia no est\u00e9 en condiciones de enviar 14 MMmcd, seg\u00fan report\u00f3 El Deber.<\/p>\n<p style=\"text-align: justify;\">Analistas del sector se\u00f1alan que Bolivia debe fortalecer el mercado de Brasil, donde existe a\u00fan demanda de gas boliviano.<\/p>\n<p style=\"text-align: justify;\">\n","protected":false},"excerpt":{"rendered":"<p>En noviembre el pa\u00eds export\u00f3 5,9 millones de metros c\u00fabicos diarios de gas (MMmcd) a Argentina, la cantidad m\u00e1s baja del a\u00f1o, incluso por debajo de la adenda vigente que establece un volumen base de 7,5 MMmcd, seg\u00fan datos de Energ\u00eda Argentina (Enarsa), analizados por Radar Energ\u00e9tico. El volumen llega a ser casi un tercio [&hellip;]<\/p>\n","protected":false},"author":4,"featured_media":40787,"comment_status":"open","ping_status":"open","sticky":false,"template":"","format":"standard","meta":{"footnotes":""},"categories":[40,23,48,43],"tags":[],"class_list":{"0":"post-40786","1":"post","2":"type-post","3":"status-publish","4":"format-standard","5":"has-post-thumbnail","7":"category-bolivia","8":"category-hidrocarburos","9":"category-portada-general-sitio","10":"category-portada-oil-gas"},"_links":{"self":[{"href":"https:\/\/jms.com.bo\/mediamonitor\/wp-json\/wp\/v2\/posts\/40786","targetHints":{"allow":["GET"]}}],"collection":[{"href":"https:\/\/jms.com.bo\/mediamonitor\/wp-json\/wp\/v2\/posts"}],"about":[{"href":"https:\/\/jms.com.bo\/mediamonitor\/wp-json\/wp\/v2\/types\/post"}],"author":[{"embeddable":true,"href":"https:\/\/jms.com.bo\/mediamonitor\/wp-json\/wp\/v2\/users\/4"}],"replies":[{"embeddable":true,"href":"https:\/\/jms.com.bo\/mediamonitor\/wp-json\/wp\/v2\/comments?post=40786"}],"version-history":[{"count":0,"href":"https:\/\/jms.com.bo\/mediamonitor\/wp-json\/wp\/v2\/posts\/40786\/revisions"}],"wp:featuredmedia":[{"embeddable":true,"href":"https:\/\/jms.com.bo\/mediamonitor\/wp-json\/wp\/v2\/media\/40787"}],"wp:attachment":[{"href":"https:\/\/jms.com.bo\/mediamonitor\/wp-json\/wp\/v2\/media?parent=40786"}],"wp:term":[{"taxonomy":"category","embeddable":true,"href":"https:\/\/jms.com.bo\/mediamonitor\/wp-json\/wp\/v2\/categories?post=40786"},{"taxonomy":"post_tag","embeddable":true,"href":"https:\/\/jms.com.bo\/mediamonitor\/wp-json\/wp\/v2\/tags?post=40786"}],"curies":[{"name":"wp","href":"https:\/\/api.w.org\/{rel}","templated":true}]}}