{"id":40887,"date":"2023-01-02T06:56:26","date_gmt":"2023-01-02T10:56:26","guid":{"rendered":"https:\/\/jms.com.bo\/mediamonitor\/2023\/01\/02\/salud-destaca-lucha-y-logros-a-tres-anos-de-iniciada-la-pandemia-del-covid-19\/"},"modified":"2023-01-02T06:56:26","modified_gmt":"2023-01-02T10:56:26","slug":"salud-destaca-lucha-y-logros-a-tres-anos-de-iniciada-la-pandemia-del-covid-19","status":"publish","type":"post","link":"https:\/\/jms.com.bo\/mediamonitor\/2023\/01\/02\/salud-destaca-lucha-y-logros-a-tres-anos-de-iniciada-la-pandemia-del-covid-19\/","title":{"rendered":"Salud destaca lucha y logros a tres a\u00f1os de iniciada la pandemia del Covid-19"},"content":{"rendered":"<p style=\"text-align: justify;\">La viceministra de Promoci\u00f3n y Vigilancia Epidemiol\u00f3gica, Mar\u00eda Renee Castro, destac\u00f3 este s\u00e1bado la lucha frontal y logros contra la pandemia del Covid-19, a tres a\u00f1os de su aparici\u00f3n en el mundo.<\/p>\n<p style=\"text-align: justify;\">\u201cEl 31 de diciembre de 2019 se da a conocer los primeros casos del coronavirus en China y se notifica a la Organizaci\u00f3n Mundial de la Salud, desde entonces se fueron marcando elementos hist\u00f3ricos en pa\u00edses del mundo, mostrando las necesidades de cambiar los sistemas de salud e identificando sus diferencias\u201d, dijo en entrevista con radio Cepra.<\/p>\n<p style=\"text-align: justify;\">De acuerdo con la autoridad, el contexto pol\u00edtico y social en Bolivia marc\u00f3 los destinos de la poblaci\u00f3n infectada, al no tener, en un principio, medicamentos e insumos para hacer las pruebas y tratamientos respectivos.<\/p>\n<p style=\"text-align: justify;\">\u201cDurante el gobierno de facto de Jeanine \u00c1\u00f1ez se sufri\u00f3 del alza de precios para acceder a un medicamento y no se contaba con las condiciones sanitarias\u201d, record\u00f3 Castro.<\/p>\n<p style=\"text-align: justify;\">Sin embargo, acot\u00f3, con la llegada a la presidencia de Luis Arce \u00abhoy se vive momentos diferentes, con un sistema de salud fortalecido y un programa de vacunaci\u00f3n consolidado\u00bb.<\/p>\n<p style=\"text-align: justify;\">Resalt\u00f3 la disminuci\u00f3n de la tasa de letalidad del Covid-19, del 6,2%, que se registr\u00f3 en la primera ola, al 0,7% en la cuarta ola, pese a la mayor cantidad de casos, y al 0,1% en la sexta ola, la cifra m\u00e1s baja durante la pandemia.<\/p>\n<p style=\"text-align: justify;\">\u201cLa estabilidad econ\u00f3mica que hoy vive el pa\u00eds est\u00e1 casada con las acciones desarrolladas en salud. Estamos construyendo este proceso despu\u00e9s de una coyuntura adversa como pa\u00eds\u201d, dijo.<\/p>\n<p style=\"text-align: justify;\">\u201cEstamos en plena sexta ola del Covid-19, la situaci\u00f3n es distinta a las primeras, porque tenemos todos los insumos y medicamentos para hacerle frente\u201d, acot\u00f3.<\/p>\n","protected":false},"excerpt":{"rendered":"<p>La viceministra de Promoci\u00f3n y Vigilancia Epidemiol\u00f3gica, Mar\u00eda Renee Castro, destac\u00f3 este s\u00e1bado la lucha frontal y logros contra la pandemia del Covid-19, a tres a\u00f1os de su aparici\u00f3n en el mundo. \u201cEl 31 de diciembre de 2019 se da a conocer los primeros casos del coronavirus en China y se notifica a la Organizaci\u00f3n [&hellip;]<\/p>\n","protected":false},"author":4,"featured_media":40888,"comment_status":"open","ping_status":"open","sticky":false,"template":"","format":"standard","meta":{"footnotes":""},"categories":[53],"tags":[],"class_list":{"0":"post-40887","1":"post","2":"type-post","3":"status-publish","4":"format-standard","5":"has-post-thumbnail","7":"category-salud"},"_links":{"self":[{"href":"https:\/\/jms.com.bo\/mediamonitor\/wp-json\/wp\/v2\/posts\/40887","targetHints":{"allow":["GET"]}}],"collection":[{"href":"https:\/\/jms.com.bo\/mediamonitor\/wp-json\/wp\/v2\/posts"}],"about":[{"href":"https:\/\/jms.com.bo\/mediamonitor\/wp-json\/wp\/v2\/types\/post"}],"author":[{"embeddable":true,"href":"https:\/\/jms.com.bo\/mediamonitor\/wp-json\/wp\/v2\/users\/4"}],"replies":[{"embeddable":true,"href":"https:\/\/jms.com.bo\/mediamonitor\/wp-json\/wp\/v2\/comments?post=40887"}],"version-history":[{"count":0,"href":"https:\/\/jms.com.bo\/mediamonitor\/wp-json\/wp\/v2\/posts\/40887\/revisions"}],"wp:featuredmedia":[{"embeddable":true,"href":"https:\/\/jms.com.bo\/mediamonitor\/wp-json\/wp\/v2\/media\/40888"}],"wp:attachment":[{"href":"https:\/\/jms.com.bo\/mediamonitor\/wp-json\/wp\/v2\/media?parent=40887"}],"wp:term":[{"taxonomy":"category","embeddable":true,"href":"https:\/\/jms.com.bo\/mediamonitor\/wp-json\/wp\/v2\/categories?post=40887"},{"taxonomy":"post_tag","embeddable":true,"href":"https:\/\/jms.com.bo\/mediamonitor\/wp-json\/wp\/v2\/tags?post=40887"}],"curies":[{"name":"wp","href":"https:\/\/api.w.org\/{rel}","templated":true}]}}