{"id":40889,"date":"2023-01-02T06:57:41","date_gmt":"2023-01-02T10:57:41","guid":{"rendered":"https:\/\/jms.com.bo\/mediamonitor\/2023\/01\/02\/bolivia-trabaja-plan-de-accion-para-afrontar-futuras-pandemias\/"},"modified":"2023-01-02T06:57:41","modified_gmt":"2023-01-02T10:57:41","slug":"bolivia-trabaja-plan-de-accion-para-afrontar-futuras-pandemias","status":"publish","type":"post","link":"https:\/\/jms.com.bo\/mediamonitor\/2023\/01\/02\/bolivia-trabaja-plan-de-accion-para-afrontar-futuras-pandemias\/","title":{"rendered":"Bolivia trabaja plan de acci\u00f3n para afrontar futuras pandemias"},"content":{"rendered":"<p style=\"text-align: justify;\">Ante las falencias detectadas con la llegada del Covid-19 a Bolivia, el Ministerio de Salud trabaja en un plan de acci\u00f3n y respuesta inmediata para afrontar futuras pandemias, inform\u00f3 este s\u00e1bado la viceministra de Promoci\u00f3n y Vigilancia Epidemiol\u00f3gica, Mar\u00eda Renee Castro.<\/p>\n<p style=\"text-align: justify;\">\u201cComo pa\u00eds estamos trabajando en un plan para afrontar la siguiente pandemia, hemos aprendido la lecci\u00f3n con el Covid-19\u201d, apunt\u00f3 la autoridad en una entrevista con radio Cepra.<\/p>\n<p style=\"text-align: justify;\">De acuerdo con Castro, este a\u00f1o se empezaron los talleres y reuniones de coordinaci\u00f3n con universidades, decanos de Medicina, sociedades cient\u00edficas, epidemi\u00f3logos, entre otros, con el fin de recoger perspectivas y sugerencias.<\/p>\n<p style=\"text-align: justify;\">\u201cTenemos programados 12 talleres; este a\u00f1o hemos logrado concretar 4 y al pr\u00f3ximo concluiremos este proceso\u201d, dijo.<\/p>\n<p style=\"text-align: justify;\">Adelant\u00f3 que el plan estar\u00e1 enfocado a brotes, pandemias y epidemias, principalmente dirigidas al origen respiratorio. Se espera tener el plan el segundo semestre de 2023 y presentarlo a la sociedad para su evaluaci\u00f3n y consideraci\u00f3n.<\/p>\n<p style=\"text-align: justify;\">\u201cHemos tenido apoyo de expertos internacionales para dise\u00f1ar este plan ante el surgimiento de nuevas patolog\u00edas, como el virus del camello, del tomate, \u00e9bola, viruela del mono, entre otras enfermedades\u201d, acot\u00f3.<\/p>\n<p style=\"text-align: justify;\">Adelant\u00f3 que la prioridad para el 2023 es seguir con el proceso de vacunaci\u00f3n contra el Covid-19, y todos los esquemas de vacunaci\u00f3n.<\/p>\n","protected":false},"excerpt":{"rendered":"<p>Ante las falencias detectadas con la llegada del Covid-19 a Bolivia, el Ministerio de Salud trabaja en un plan de acci\u00f3n y respuesta inmediata para afrontar futuras pandemias, inform\u00f3 este s\u00e1bado la viceministra de Promoci\u00f3n y Vigilancia Epidemiol\u00f3gica, Mar\u00eda Renee Castro. \u201cComo pa\u00eds estamos trabajando en un plan para afrontar la siguiente pandemia, hemos aprendido [&hellip;]<\/p>\n","protected":false},"author":4,"featured_media":40890,"comment_status":"open","ping_status":"open","sticky":false,"template":"","format":"standard","meta":{"footnotes":""},"categories":[53],"tags":[],"class_list":{"0":"post-40889","1":"post","2":"type-post","3":"status-publish","4":"format-standard","5":"has-post-thumbnail","7":"category-salud"},"_links":{"self":[{"href":"https:\/\/jms.com.bo\/mediamonitor\/wp-json\/wp\/v2\/posts\/40889","targetHints":{"allow":["GET"]}}],"collection":[{"href":"https:\/\/jms.com.bo\/mediamonitor\/wp-json\/wp\/v2\/posts"}],"about":[{"href":"https:\/\/jms.com.bo\/mediamonitor\/wp-json\/wp\/v2\/types\/post"}],"author":[{"embeddable":true,"href":"https:\/\/jms.com.bo\/mediamonitor\/wp-json\/wp\/v2\/users\/4"}],"replies":[{"embeddable":true,"href":"https:\/\/jms.com.bo\/mediamonitor\/wp-json\/wp\/v2\/comments?post=40889"}],"version-history":[{"count":0,"href":"https:\/\/jms.com.bo\/mediamonitor\/wp-json\/wp\/v2\/posts\/40889\/revisions"}],"wp:featuredmedia":[{"embeddable":true,"href":"https:\/\/jms.com.bo\/mediamonitor\/wp-json\/wp\/v2\/media\/40890"}],"wp:attachment":[{"href":"https:\/\/jms.com.bo\/mediamonitor\/wp-json\/wp\/v2\/media?parent=40889"}],"wp:term":[{"taxonomy":"category","embeddable":true,"href":"https:\/\/jms.com.bo\/mediamonitor\/wp-json\/wp\/v2\/categories?post=40889"},{"taxonomy":"post_tag","embeddable":true,"href":"https:\/\/jms.com.bo\/mediamonitor\/wp-json\/wp\/v2\/tags?post=40889"}],"curies":[{"name":"wp","href":"https:\/\/api.w.org\/{rel}","templated":true}]}}