{"id":40893,"date":"2023-01-02T07:01:30","date_gmt":"2023-01-02T11:01:30","guid":{"rendered":"https:\/\/jms.com.bo\/mediamonitor\/2023\/01\/02\/el-agro-golpeado-por-riadas-y-una-prolongada-sequia\/"},"modified":"2023-01-02T07:01:30","modified_gmt":"2023-01-02T11:01:30","slug":"el-agro-golpeado-por-riadas-y-una-prolongada-sequia","status":"publish","type":"post","link":"https:\/\/jms.com.bo\/mediamonitor\/2023\/01\/02\/el-agro-golpeado-por-riadas-y-una-prolongada-sequia\/","title":{"rendered":"El agro golpeado por riadas y una prolongada sequ\u00eda"},"content":{"rendered":"<p style=\"text-align: justify;\">Este 2022, el departamento de Tarija se ha visto afectado por diversos fen\u00f3menos climatol\u00f3gicos. Desde intensas lluvias que provocaron el desborde de los r\u00edos, hasta una prolongada sequ\u00eda, que hizo las comunidades salieran en procesiones religiosas rogando por agua.<\/p>\n<p style=\"text-align: justify;\">Una de las riadas m\u00e1s preocupantes se registr\u00f3 el primer mes del a\u00f1o, en enero. Las persistentes lluvias provocaron la crecida del r\u00edo Camacho, y las comunidades ubicadas a las orillas fueron las m\u00e1s golpeadas. Calamuchita y Anc\u00f3n Chico resultados afectadas, un 80% de sus cultivos quedaron bajo el agua.<\/p>\n<p style=\"text-align: justify;\">Poco despu\u00e9s, la primera semana de febrero, fue el r\u00edo Pilcomayo el que desbord\u00f3, dejado aisladas a varias comunidades de Villa Montes. Las familias que viven en el Distrito 10, en las comunidades de Cutaiqui, La Victoria y Esmeralda, quedaron con el agua hasta la cintura.<\/p>\n<p style=\"text-align: justify;\">8 MUNICIPIOS<\/p>\n<p style=\"text-align: justify;\">Fueron declarados en emergencia por los da\u00f1os que provocaron las riadas, sequ\u00eda y heladas<\/p>\n<p style=\"text-align: justify;\">Seg\u00fan datos de Seguridad Ciudadana y Rescate del Gobierno Regional de Villa Montes, 25 familias tuvieron que se evacuadas, porque sus viviendas estaban anegadas y porque hab\u00eda el riesgo de colapso.<\/p>\n<p style=\"text-align: justify;\">Similar situaci\u00f3n se report\u00f3 en la zona alta de Tarija, donde el desborde de los r\u00edos San Juan del Oro y el Iscayachi, se llev\u00f3 el 90% de la producci\u00f3n agr\u00edcola de la zona.<\/p>\n<p style=\"text-align: justify;\">Luego acompa\u00f1\u00f3 a Tarija una prolongada sequ\u00eda. Las lluvias suelen registrarse desde septiembre, pero este 2022 se hicieron esperar hasta diciembre. En las comunidades y los mercados era el tema de conversaci\u00f3n, en Tarija no llov\u00eda. Esto alter\u00f3 el calendario agr\u00edcola en varias comunidades y puso en riesgo la producci\u00f3n atemporal.<\/p>\n<p style=\"text-align: justify;\">En municipios del Chaco, Bermejo, Padcaya y El Puente, el uso de cisternas fue un alivio, pero no abastec\u00edan.<\/p>\n<p style=\"text-align: justify;\">Y, como tem\u00edan los productores, la falta de lluvia trajo consigo una helada. Esta se report\u00f3 en octubre, y afect\u00f3, sobre todo, al valle central de Tarija. Comunidades de Cercado y Uriondo perdieron el 100% de sus cultivos de papas.<\/p>\n<p style=\"text-align: justify;\">Ante toda esta situaci\u00f3n, la Gobernaci\u00f3n de Tarija, el 2 de diciembre, promulg\u00f3 un decreto que declara emergencia en ocho municipios. Esto permite al Gobierno departamental y a los municipios hacer uso de recursos para atender los da\u00f1os provocados por los desastres naturales.<\/p>\n<p style=\"text-align: justify;\">OTROS HECHOS<\/p>\n<p style=\"text-align: justify;\">La sequ\u00eda m\u00e1s larga de los \u00faltimos 50 a\u00f1os<\/p>\n<p style=\"text-align: justify;\">El presidente de la Comisi\u00f3n de Medio Ambiente del Concejo Municipal de Tarija, Fernando Castellanos, asegur\u00f3 que la provincia Cercado atraves\u00f3, este 2022, \u201cla sequ\u00eda m\u00e1s prolongada de los \u00faltimos 50 a\u00f1os\u201d, seg\u00fan un breve estudio realizado por el Servicio Nacional de Meteorolog\u00eda e Hidrolog\u00eda (Senamhi) en las estaciones climatol\u00f3gicas de Yesera Sud, Aeropuerto y San Andr\u00e9s. Lo que afect\u00f3 el uso del agua para riego y consumo humano.<\/p>\n<p style=\"text-align: justify;\">Incendios ahondaron la crisis clim\u00e1tica<\/p>\n<p style=\"text-align: justify;\">Incendios en Bermejo, Padcaya, Tariqu\u00eda, la Cordillera de Sama y la Serran\u00eda del Aguarag\u00fce, ahondaron la crisis clim\u00e1tica en el departamento de Tarija. En todos los casos fue necesario el apoyo a\u00e9reo de Defensa Civil, adem\u00e1s de bomberos voluntarios que se dieron modos para estar en todos los lugares. Por el momento, no hay un dato \u00fanico sobre la cantidad de hect\u00e1reas quemadas, solo dispersas. En Bermejo, por ejemplo, el fuego consumi\u00f3 2.700 hect\u00e1reas, mientras que en Tariqu\u00eda fueron 7.140<\/p>\n<p style=\"text-align: justify;\">El Sedes declar\u00f3 alerta sanitaria por incendios<\/p>\n<p style=\"text-align: justify;\">Los incendios llevaron al Servicio Departamental de Salud (Sedes) a declarar alterna sanitaria. El director de esa instituci\u00f3n, Nils Cass\u00f3n, explic\u00f3 que entre el 25 al 6 de noviembre, se realizaron 443 atenciones de personas afectadas por quemaduras, conjuntivitis, heridas e insolaciones. Adem\u00e1s, se tem\u00eda que empeoren los males respiratorios<\/p>\n<p style=\"text-align: justify;\">Tarija registr\u00f3 un aire extremadamente malo<\/p>\n<p style=\"text-align: justify;\">Durante octubre y noviembre, la red de Monitoreo de la Calidad del Aire y la direcci\u00f3n de Medio Ambiente del Municipio de Tarija emitieron dos reportes de calidad de aire extremadamente malo, debido a los incendios que afectan los municipios de Padcaya y Entre R\u00edos, seg\u00fan inform\u00f3 a El Pa\u00eds el director de dicha repartici\u00f3n, Boris Fern\u00e1ndez.<\/p>\n<p style=\"text-align: justify;\">Escasez en los mercados, un efecto de los desastres<\/p>\n<p style=\"text-align: justify;\">Los diversos desastres naturales da\u00f1aron varios cultivos agr\u00edcolas y provocaron la escasez de productos en los mercados. Uno de los m\u00e1s notorios fue la papa, que su precio se duplic\u00f3 de 170 bolivianos la carga a m\u00e1s de 250. Actualmente no hay oferta variada de choclo. Y los productores de vid advierten un aumento del precio en la vendimia, debido a las p\u00e9rdidas que hubo.<\/p>\n","protected":false},"excerpt":{"rendered":"<p>Este 2022, el departamento de Tarija se ha visto afectado por diversos fen\u00f3menos climatol\u00f3gicos. Desde intensas lluvias que provocaron el desborde de los r\u00edos, hasta una prolongada sequ\u00eda, que hizo las comunidades salieran en procesiones religiosas rogando por agua. Una de las riadas m\u00e1s preocupantes se registr\u00f3 el primer mes del a\u00f1o, en enero. Las [&hellip;]<\/p>\n","protected":false},"author":4,"featured_media":40894,"comment_status":"open","ping_status":"open","sticky":false,"template":"","format":"standard","meta":{"footnotes":""},"categories":[52],"tags":[],"class_list":{"0":"post-40893","1":"post","2":"type-post","3":"status-publish","4":"format-standard","5":"has-post-thumbnail","7":"category-alimentos-agroindustria"},"_links":{"self":[{"href":"https:\/\/jms.com.bo\/mediamonitor\/wp-json\/wp\/v2\/posts\/40893","targetHints":{"allow":["GET"]}}],"collection":[{"href":"https:\/\/jms.com.bo\/mediamonitor\/wp-json\/wp\/v2\/posts"}],"about":[{"href":"https:\/\/jms.com.bo\/mediamonitor\/wp-json\/wp\/v2\/types\/post"}],"author":[{"embeddable":true,"href":"https:\/\/jms.com.bo\/mediamonitor\/wp-json\/wp\/v2\/users\/4"}],"replies":[{"embeddable":true,"href":"https:\/\/jms.com.bo\/mediamonitor\/wp-json\/wp\/v2\/comments?post=40893"}],"version-history":[{"count":0,"href":"https:\/\/jms.com.bo\/mediamonitor\/wp-json\/wp\/v2\/posts\/40893\/revisions"}],"wp:featuredmedia":[{"embeddable":true,"href":"https:\/\/jms.com.bo\/mediamonitor\/wp-json\/wp\/v2\/media\/40894"}],"wp:attachment":[{"href":"https:\/\/jms.com.bo\/mediamonitor\/wp-json\/wp\/v2\/media?parent=40893"}],"wp:term":[{"taxonomy":"category","embeddable":true,"href":"https:\/\/jms.com.bo\/mediamonitor\/wp-json\/wp\/v2\/categories?post=40893"},{"taxonomy":"post_tag","embeddable":true,"href":"https:\/\/jms.com.bo\/mediamonitor\/wp-json\/wp\/v2\/tags?post=40893"}],"curies":[{"name":"wp","href":"https:\/\/api.w.org\/{rel}","templated":true}]}}