{"id":40895,"date":"2023-01-02T07:04:15","date_gmt":"2023-01-02T11:04:15","guid":{"rendered":"https:\/\/jms.com.bo\/mediamonitor\/2023\/01\/02\/oscar-mario-justiniano-presidente-de-la-cao-la-toma-de-tierras-es-nefasta-para-el-sector-productivo\/"},"modified":"2023-01-02T07:04:15","modified_gmt":"2023-01-02T11:04:15","slug":"oscar-mario-justiniano-presidente-de-la-cao-la-toma-de-tierras-es-nefasta-para-el-sector-productivo","status":"publish","type":"post","link":"https:\/\/jms.com.bo\/mediamonitor\/2023\/01\/02\/oscar-mario-justiniano-presidente-de-la-cao-la-toma-de-tierras-es-nefasta-para-el-sector-productivo\/","title":{"rendered":"\u00d3scar Mario Justiniano, presidente de la CAO: \u201cLa toma de tierras es nefasta para el sector productivo\u201d"},"content":{"rendered":"<p style=\"text-align: justify;\">Una vez m\u00e1s, como lo hace de forma reiterativa desde que asumi\u00f3 la CAO, el presidente \u00d3scar Mario Justiniano,\u200bUna vez m\u00e1s, como lo hace de forma reiterativa desde que asumi\u00f3 la CAO, el presidente \u00d3scar Mario Justiniano, expresa que los productores necesitan del Gobierno para trabajar en temas como seguridad jur\u00eddica, avasallamientos, contrabando, exportaciones y el Gobierno necesita del sector productivo para garantizar la seguridad alimentaria del pa\u00eds. Con miras a 2023, asegura que todo el sector productivo seguir\u00e1 apostando por el crecimiento econ\u00f3mico, el desarrollo integral y producir alimentos para todos los bolivianos. Expresa que una propiedad ocupada ilegalmente deja de ser productiva.<\/p>\n<p style=\"text-align: justify;\">_\u00bfC\u00f3mo califica el desempe\u00f1o del sector agropecuario en 2022?<\/p>\n<p style=\"text-align: justify;\">Bastante complejo dado que existen sectores que han tenido logros, resultados o buenas proyecciones y otros se vieron afectados por las inclemencias del clima -heladas y sequ\u00eda-, cortes de caminos, avasallamientos, etc. Los mercados de carne bovina, oleaginosas, az\u00facar y alcohol han tenido un muy buen a\u00f1o, sea por producci\u00f3n o por competitividad en mercados internacionales, aunque se han visto seriamente afectados por avasallamientos, bloqueos, cierre de fronteras, entre otros temas.<br \/>\nLos productores de cerdos y aves lograron un incremento productivo; sin embargo, el cierre de mercados, y la falta de libre circulaci\u00f3n, el incremento de precios de las materias primas, imposibilitaron que el crecimiento productivo vaya acompa\u00f1ado de un desarrollo econ\u00f3mico. Los productores de ma\u00edz, trigo, algod\u00f3n, verduras y frutas, han sido muy afectados por los cambios clim\u00e1ticos, los bloqueos de caminos, el contrabando y la falta de apertura al uso de biotecnolog\u00eda, entre otras variables.<\/p>\n<p style=\"text-align: justify;\">_\u00bfEl sector camina la senda de la recuperaci\u00f3n econ\u00f3mica o qu\u00e9 factores lo impiden?<\/p>\n<p style=\"text-align: justify;\">Para lograr una verdadera reactivaci\u00f3n econ\u00f3mica del sector, en general, se necesita principalmente estabilidad, seguridad jur\u00eddica, acceso a biotecnolog\u00eda y apertura de mercados. Sin estos factores encadenados es un escenario muy complejo para cualquier sector productivo de Santa Cruz y el pa\u00eds.<\/p>\n<p style=\"text-align: justify;\">_\u00bfDe qu\u00e9 forma afect\u00f3 al aparato productivo de Santa Cruz la falta de relacionamiento o de acercamiento con el Gobierno?<\/p>\n<p style=\"text-align: justify;\">En esta \u00faltima etapa, de septiembre en adelante, hemos conseguido una apertura al di\u00e1logo con el Gobierno y sus diferentes ministerios. Tenemos temas pendientes en agenda, algunos en desarrollo, otros por tratar. Lo que s\u00ed pudimos demostrar es que el \u00fanico camino de salida o de crecimiento es el trabajo en conjunto, los productores necesitan del Gobierno para trabajar en temas como seguridad jur\u00eddica, avasallamientos, contrabando, exportaciones, y el Gobierno necesita del sector productivo para garantizar la seguridad alimentaria del pa\u00eds. De forma separada o enfrentados no se logra un crecimiento como pa\u00eds.<\/p>\n<p style=\"text-align: justify;\">_\u00bfCu\u00e1l es el impacto de la inseguridad jur\u00eddica de la tierra -toma de predios- en las actividades del sector agropecuario?<\/p>\n<p style=\"text-align: justify;\">La toma ilegal de tierras es nefasta para el sector productivo, al igual que la inacci\u00f3n judicial. Un delincuente en horas toma un predio, atenta contra las personas que trabajan el lugar y destruye lo que encuentra a su paso, y la justicia puede llegar a tardar a\u00f1os en devolver al productor lo que le corresponde luego de tanto sacrificio.<br \/>\nEs un tema que debe ser erradicado. Los delincuentes deben ir presos, la ley debe ser aplicada con mano firme y todas las autoridades responsables actuar seg\u00fan lo indica y manda la Constituci\u00f3n Pol\u00edtica de nuestro pa\u00eds.<\/p>\n<p style=\"text-align: justify;\">_\u00bfCu\u00e1ntos predios agropecuarios fueron tomados este a\u00f1o y cu\u00e1les fueron las consecuencias en la producci\u00f3n y la econom\u00eda de los propietarios que resultaron v\u00edctimas?<\/p>\n<p style=\"text-align: justify;\">No existe un registro claro de cantidad de predios avasallados, en la C\u00e1mara Agropecuaria del Oriente (CAO) solo se atienden aquellos que denuncian en las instituciones y requieren apoyo y asesoramiento legal. En 2022 hemos recibido ocho nuevos casos, que no son la totalidad de las situaciones de ilegalidad. El problema es que una propiedad avasallada deja de ser productiva, se pierden los animales, las cosechas, se deja de sembrar, se destruye o hurta la maquinaria, los propietarios son amedrentados, amenazados, extorsionados. Las p\u00e9rdidas econ\u00f3micas son muy grandes.<\/p>\n<p style=\"text-align: justify;\">_\u00bfUsted cree que detr\u00e1s del delito de avasallamiento de tierras productivas en Santa Cruz est\u00e1 camuflado el negocio del tr\u00e1fico de tierras o cu\u00e1les considera que son las razones?<\/p>\n<p style=\"text-align: justify;\">En muchos casos esto es innegable. Se utiliza el discurso de que son peque\u00f1os campesinos en busca de tierras; sin embargo, al ingresar a propiedades, destruyen, deforestan, parcelan terrenos, venden y se van del lugar. Hemos podido constatar muchas propiedades avasalladas, que eran productivas, luego del paso de estos delincuentes han quedado totalmente destruidas y sin ning\u00fan rastro de producci\u00f3n.<\/p>\n<p style=\"text-align: justify;\">_\u00bfQu\u00e9 pol\u00edticas o acciones debe asumir el Gobierno para castigar y hacer prevalecer el respeto al derecho propietario de los predios titulados?<\/p>\n<p style=\"text-align: justify;\">Respetar la ley, lo establecido en la Constituci\u00f3n Pol\u00edtica del Estado y c\u00e1rcel a quien incumpla, tanto a los delincuentes como a los administradores de justicia y los funcionarios e instituciones encargados de respetar y hacer cumplir las normas y las leyes.<\/p>\n<p style=\"text-align: justify;\">_Transcurri\u00f3 otro a\u00f1o con un balance de estancamiento en lo productivo y el clamor de los productores cruce\u00f1os de acceso a la agrobiotecnolog\u00eda, \u00bfqu\u00e9 sabor les deja esta indiferencia por parte del Gobierno en este tema que ustedes, en reiteradas ocasiones, insinuaron es vital para el pa\u00eds?<\/p>\n<p style=\"text-align: justify;\">Ciertamente es un tema pendiente. En muchas oportunidades hemos podido exponer la situaci\u00f3n, mostrar las necesidades y demostrar la p\u00e9rdida de oportunidades a escala mundial, y si bien existe un avance en un nuevo evento de soya, no cubre totalmente las expectativas del sector, ya que para mejorar la productividad se necesita la incorporaci\u00f3n de nuevos eventos que est\u00e1n dise\u00f1ados para resistir mejor a la sequ\u00eda, los ataques de plagas recurrentes y que al final, tienen mejor desempe\u00f1o productivo. En el caso del ma\u00edz duro amarillo -utilizado para la alimentaci\u00f3n pecuaria (pollos, cerdos, ganado de leche y de engorde-, el avance es nulo.<\/p>\n<p style=\"text-align: justify;\">La normativa sobre la cual se hace la evaluaci\u00f3n de los eventos debe ser actualizada, ya que data de hace m\u00e1s de dos d\u00e9cadas y es obsoleta, genera desventajas, m\u00e1s a\u00fan cuando la comparamos con los pa\u00edses vecinos de la regi\u00f3n con los cuales competimos en los mercados internacionales.<\/p>\n<p style=\"text-align: justify;\">_\u00bfQu\u00e9 oportunidades desaprovecha Bolivia al no permitir el avance hacia el uso de nuevos eventos biotecnol\u00f3gicos?<\/p>\n<p style=\"text-align: justify;\">El uso de eventos gen\u00e9ticamente modificados permite producir m\u00e1s, en el mismo espacio cultivado, a menor costo y con menor uso de productos que afectan al medio ambiente. Con la biotecnolog\u00eda podemos alcanzar competitividad con los pa\u00edses de la regi\u00f3n, se evita la dependencia de importaciones, disminuyen los altos costos de producci\u00f3n interna y evita el desincentivo en los productores.<\/p>\n<p style=\"text-align: justify;\">_\u00bfUstedes hablan de una agenda productiva para el desarrollo econ\u00f3mico sectorial y del pa\u00eds, \u00bfqu\u00e9 temas deben incluirse para alcanzar dicho prop\u00f3sito?<\/p>\n<p style=\"text-align: justify;\">Es necesario tratar los temas propuestos, mostrar avances y resultados. El 100% de los temas de agenda deben ser considerados, ya que son transversales a los distintos sectores productivos. Es imperioso ejecutar los temas en agenda.<\/p>\n<p style=\"text-align: justify;\">Desarrollando la agenda establecida, nos dar\u00e1 la viabilidad de ir avanzando con otros temas importantes y m\u00e1s espec\u00edficos de cada sector productivo.<\/p>\n<p style=\"text-align: justify;\">La producci\u00f3n nacional debe ser estrat\u00e9gica para la econom\u00eda, la generaci\u00f3n de fuentes dignas y formales de empleo, al igual que para el desarrollo de las potencialidades del pa\u00eds, es por ello, que nosotros hablamos de pol\u00edticas de Estado, que trasciendan gestiones de los distintos niveles de gobierno y est\u00e9n orientadas a potenciar a los productores peque\u00f1os, medianos y grandes.<\/p>\n<p style=\"text-align: justify;\">_\u00bfQu\u00e9 proyectos se vienen para 2023?<\/p>\n<p style=\"text-align: justify;\">Es muy dif\u00edcil mencionar un proyecto espec\u00edfico dada la variedad de sectores que conforman la CAO, de lo que estoy convencido es que todo el sector productivo seguir\u00e1 apostando por el crecimiento econ\u00f3mico, el desarrollo integral y producir alimentos para todos los bolivianos y los habitantes del pa\u00eds.<\/p>\n","protected":false},"excerpt":{"rendered":"<p>Una vez m\u00e1s, como lo hace de forma reiterativa desde que asumi\u00f3 la CAO, el presidente \u00d3scar Mario Justiniano,\u200bUna vez m\u00e1s, como lo hace de forma reiterativa desde que asumi\u00f3 la CAO, el presidente \u00d3scar Mario Justiniano, expresa que los productores necesitan del Gobierno para trabajar en temas como seguridad jur\u00eddica, avasallamientos, contrabando, exportaciones y [&hellip;]<\/p>\n","protected":false},"author":4,"featured_media":40896,"comment_status":"open","ping_status":"open","sticky":false,"template":"","format":"standard","meta":{"footnotes":""},"categories":[52],"tags":[],"class_list":{"0":"post-40895","1":"post","2":"type-post","3":"status-publish","4":"format-standard","5":"has-post-thumbnail","7":"category-alimentos-agroindustria"},"_links":{"self":[{"href":"https:\/\/jms.com.bo\/mediamonitor\/wp-json\/wp\/v2\/posts\/40895","targetHints":{"allow":["GET"]}}],"collection":[{"href":"https:\/\/jms.com.bo\/mediamonitor\/wp-json\/wp\/v2\/posts"}],"about":[{"href":"https:\/\/jms.com.bo\/mediamonitor\/wp-json\/wp\/v2\/types\/post"}],"author":[{"embeddable":true,"href":"https:\/\/jms.com.bo\/mediamonitor\/wp-json\/wp\/v2\/users\/4"}],"replies":[{"embeddable":true,"href":"https:\/\/jms.com.bo\/mediamonitor\/wp-json\/wp\/v2\/comments?post=40895"}],"version-history":[{"count":0,"href":"https:\/\/jms.com.bo\/mediamonitor\/wp-json\/wp\/v2\/posts\/40895\/revisions"}],"wp:featuredmedia":[{"embeddable":true,"href":"https:\/\/jms.com.bo\/mediamonitor\/wp-json\/wp\/v2\/media\/40896"}],"wp:attachment":[{"href":"https:\/\/jms.com.bo\/mediamonitor\/wp-json\/wp\/v2\/media?parent=40895"}],"wp:term":[{"taxonomy":"category","embeddable":true,"href":"https:\/\/jms.com.bo\/mediamonitor\/wp-json\/wp\/v2\/categories?post=40895"},{"taxonomy":"post_tag","embeddable":true,"href":"https:\/\/jms.com.bo\/mediamonitor\/wp-json\/wp\/v2\/tags?post=40895"}],"curies":[{"name":"wp","href":"https:\/\/api.w.org\/{rel}","templated":true}]}}