{"id":40897,"date":"2023-01-02T07:06:15","date_gmt":"2023-01-02T11:06:15","guid":{"rendered":"https:\/\/jms.com.bo\/mediamonitor\/2023\/01\/02\/piden-a-la-ue-y-onu-que-instalen-una-comision-de-la-verdad-vinculante-para-revisar-los-conflictos-de-2019\/"},"modified":"2023-01-02T07:06:15","modified_gmt":"2023-01-02T11:06:15","slug":"piden-a-la-ue-y-onu-que-instalen-una-comision-de-la-verdad-vinculante-para-revisar-los-conflictos-de-2019","status":"publish","type":"post","link":"https:\/\/jms.com.bo\/mediamonitor\/2023\/01\/02\/piden-a-la-ue-y-onu-que-instalen-una-comision-de-la-verdad-vinculante-para-revisar-los-conflictos-de-2019\/","title":{"rendered":"Piden a la UE y ONU que instalen una comisi\u00f3n de la verdad vinculante para revisar los conflictos de 2019"},"content":{"rendered":"<p style=\"text-align: justify;\">El activista boliviano por los derechos humanos y la paz, Guillermo Bretel, presentar\u00e1 este domingo 1 de enero (2023) unas cartas ante las Naciones Unidas (ONU), el Parlamento Europeo y la Comisi\u00f3n Europea, para solicitar que se conforme e instale una comisi\u00f3n de la verdad imparcial y vinculante, a fin de esclarecer los conflictos sociales que estallaron en Bolivia entre noviembre y diciembre de 2019.<\/p>\n<p style=\"text-align: justify;\">EL DEBER tuvo acceso a las cartas las cuales est\u00e1n dirigidas al secretario General de las Naciones Unidas, Antonio Guterres, Roberta Metsola, presidenta del Parlamento Europeo y Ursula von der Leyen, presidenta de la Comisi\u00f3n Europea.<\/p>\n<p style=\"text-align: justify;\">La misiva se\u00f1ala el pedido \u00abcon car\u00e1cter de urgencia\u00bb para que las tres autoridades de las entidades internacionales presten atenci\u00f3n a los conflictos en Bolivia que persisten desde la crisis social y pol\u00edtica de 2019, y que tienen \u00absumergidos a la sociedad una vez m\u00e1s en una ola de violencia vand\u00e1lica y de represi\u00f3n policial\u00bb.<\/p>\n<p style=\"text-align: justify;\">Bretel se\u00f1ala que existe un pa\u00eds dividido en opini\u00f3n sobre si se gest\u00f3 un supuesto golpe de estado o una sucesi\u00f3n constitucional que termin\u00f3 con la huida del expresidente Evo Morales hacia M\u00e9xico desde el aeropuerto del Chapare en noviembre de 2019.<\/p>\n<p style=\"text-align: justify;\">Recuerda que el gobierno de transici\u00f3n de Jeanine \u00c1\u00f1ez se instal\u00f3 y fue reconocido por la Uni\u00f3n Europea (UE) y la Organizaci\u00f3n de Naciones Unidas (ONU), por ello, recalc\u00f3 en la necesidad de que se conforme una comisi\u00f3n de la verdad con el fin de revisar lo sucedido en esos d\u00edas luctuosos de octubre y noviembre de 2019.<\/p>\n<p style=\"text-align: justify;\">\u201cHago esta solicitud en el entendimiento de que el proceso transicional en Bolivia, al no contar con elementos esclarecedores como una comisi\u00f3n de la verdad vinculante, ha fallado en el cumplimiento de su real cometido de restaurar la paz a largo plazo y establecer un m\u00ednimo de reconciliaci\u00f3n social\u201d, indica.<\/p>\n<p style=\"text-align: justify;\">El tambi\u00e9n diputado del Parlamento de Baviera, Alemania, sostiene que el pa\u00eds se encuentra inmerso en un conflicto que puede derivar en una guerra civil con consecuencias devastadoras, por lo que todav\u00eda \u201cestamos a tiempo de prevenir una cat\u00e1strofe humana si se toman las medidas pertinentes de forma oportuna\u201d.<\/p>\n<p style=\"text-align: justify;\">Sostuvo que si bien el Grupo Interdisciplinario de Expertos Independientes (GIEI), instrumento de la Comisi\u00f3n Interamericana de Derechos Humanos (CIDH), estuvo en el pa\u00eds para levantar un informe de la vulneraci\u00f3n de los derechos humanos en la crisis de 2019, tales documentos y recomendaciones no fueron atendidos por el Estado boliviano.<\/p>\n<p style=\"text-align: justify;\">En ese sentido, mencion\u00f3 la falta de independencia del sistema judicial que fue se\u00f1alada por el informe del relator de la ONU, Diego Garc\u00eda Say\u00e1n Dijo que las acciones emprendidas por el Gobierno de Luis Arce en ese punto son objetos de desconfianza en amplios segmentos de la poblaci\u00f3n.<\/p>\n<p style=\"text-align: justify;\">\u201cEl sesgo pol\u00edtico convierte al Gobierno boliviano al mismo tiempo en juez y parte en los hechos a investigar. Es decir, lo que para ciertos sectores constituye en consecuci\u00f3n de justicia, para otros es percibido como venganza pol\u00edtica\u201d, expres\u00f3 Bretel.<\/p>\n<p style=\"text-align: justify;\">Actualmente, Bolivia vive momentos de tensi\u00f3n despu\u00e9s de la repentina aprehensi\u00f3n que ejerci\u00f3 la Polic\u00eda en contra del gobernador de Santa Cruz, Luis Fernando Camacho, que fue trasladado hasta La Paz el mediod\u00eda del mi\u00e9rcoles 28 de diciembre. La madrugada del jueves en una audiencia cautelar, un juez dispuso su detenci\u00f3n preventiva por el lapso de cuatro meses en la c\u00e1rcel de Chonchocoro, acusado por el caso Golpe I.<\/p>\n<p style=\"text-align: justify;\">Desde la aprehensi\u00f3n de Camacho y su encarcelamiento, se generaron varias reacciones de l\u00edderes de oposici\u00f3n y protestas de la ciudadan\u00eda las cuales fueron reprimidas con violencia e ira por parte de la Polic\u00eda.<\/p>\n","protected":false},"excerpt":{"rendered":"<p>El activista boliviano por los derechos humanos y la paz, Guillermo Bretel, presentar\u00e1 este domingo 1 de enero (2023) unas cartas ante las Naciones Unidas (ONU), el Parlamento Europeo y la Comisi\u00f3n Europea, para solicitar que se conforme e instale una comisi\u00f3n de la verdad imparcial y vinculante, a fin de esclarecer los conflictos sociales [&hellip;]<\/p>\n","protected":false},"author":4,"featured_media":40898,"comment_status":"open","ping_status":"open","sticky":false,"template":"","format":"standard","meta":{"footnotes":""},"categories":[49],"tags":[],"class_list":{"0":"post-40897","1":"post","2":"type-post","3":"status-publish","4":"format-standard","5":"has-post-thumbnail","7":"category-social"},"_links":{"self":[{"href":"https:\/\/jms.com.bo\/mediamonitor\/wp-json\/wp\/v2\/posts\/40897","targetHints":{"allow":["GET"]}}],"collection":[{"href":"https:\/\/jms.com.bo\/mediamonitor\/wp-json\/wp\/v2\/posts"}],"about":[{"href":"https:\/\/jms.com.bo\/mediamonitor\/wp-json\/wp\/v2\/types\/post"}],"author":[{"embeddable":true,"href":"https:\/\/jms.com.bo\/mediamonitor\/wp-json\/wp\/v2\/users\/4"}],"replies":[{"embeddable":true,"href":"https:\/\/jms.com.bo\/mediamonitor\/wp-json\/wp\/v2\/comments?post=40897"}],"version-history":[{"count":0,"href":"https:\/\/jms.com.bo\/mediamonitor\/wp-json\/wp\/v2\/posts\/40897\/revisions"}],"wp:featuredmedia":[{"embeddable":true,"href":"https:\/\/jms.com.bo\/mediamonitor\/wp-json\/wp\/v2\/media\/40898"}],"wp:attachment":[{"href":"https:\/\/jms.com.bo\/mediamonitor\/wp-json\/wp\/v2\/media?parent=40897"}],"wp:term":[{"taxonomy":"category","embeddable":true,"href":"https:\/\/jms.com.bo\/mediamonitor\/wp-json\/wp\/v2\/categories?post=40897"},{"taxonomy":"post_tag","embeddable":true,"href":"https:\/\/jms.com.bo\/mediamonitor\/wp-json\/wp\/v2\/tags?post=40897"}],"curies":[{"name":"wp","href":"https:\/\/api.w.org\/{rel}","templated":true}]}}