{"id":40899,"date":"2023-01-02T07:08:25","date_gmt":"2023-01-02T11:08:25","guid":{"rendered":"https:\/\/jms.com.bo\/mediamonitor\/2023\/01\/02\/cocaleros-advierten-que-ni-la-detencion-de-camacho-calma-la-molestia-con-arce-en-las-seis-federaciones-del-tropico-califican-la-detencion-del-gobernador-del-gobernador-cruceno-como-regalo-de-navidad\/"},"modified":"2023-01-02T07:47:13","modified_gmt":"2023-01-02T11:47:13","slug":"cocaleros-advierten-que-ni-la-detencion-de-camacho-calma-la-molestia-con-arce-en-las-seis-federaciones-del-tropico-califican-la-detencion-del-gobernador-del-gobernador-cruceno-como-regalo-de-navidad","status":"publish","type":"post","link":"https:\/\/jms.com.bo\/mediamonitor\/2023\/01\/02\/cocaleros-advierten-que-ni-la-detencion-de-camacho-calma-la-molestia-con-arce-en-las-seis-federaciones-del-tropico-califican-la-detencion-del-gobernador-del-gobernador-cruceno-como-regalo-de-navidad\/","title":{"rendered":"Cocaleros advierten que ni la detenci\u00f3n de Camacho calma la molestia con Arce"},"content":{"rendered":"<p style=\"text-align: justify;\">La detenci\u00f3n del gobernador Luis Fernando Camacho es considerada por los opositores como un \u201ctrofeo\u201d del Gobierno para subsanar las peleas internas del MAS y detener los constantes cuestionamientos a la gesti\u00f3n de Luis Arce. Incluso, algunos creen que miden fuerzas entre bandos de qui\u00e9n ejerce m\u00e1s \u201cabuso de poder\u201d. Sin embargo, los cocaleros, junto a su l\u00edder y jefe del MAS, Evo Morales, se mostraron esc\u00e9pticos ante la detenci\u00f3n de la autoridad electa y alertaron que ser\u00eda parte de un \u201cc\u00e1lculo pol\u00edtico\u201d.<\/p>\n<p style=\"text-align: justify;\">En la evaluaci\u00f3n anual al Gobierno realizada el viernes por la c\u00fapula del MAS y las Seis Federaciones del Tr\u00f3pico de Cochabamba, Evo Morales y los cocaleros afirmaron que no se dejar\u00e1n enga\u00f1ar ni convencer con la detenci\u00f3n por cuatro meses del gobernador cruce\u00f1o, Luis Fernando Camacho, y advirtieron con movilizaciones en caso de que lo liberen y no lo juzguen por el &#8216;delito de genocidio&#8217; ocurrido de 2019.<\/p>\n<p style=\"text-align: justify;\">Se refer\u00edan a los hechos de violencia que se produjeron en Sacaba y Senkata despu\u00e9s de que Morales renunciara a la Presidencia y se refugiara en M\u00e9xico, luego de que se conociera un informe emitido por la Organizaci\u00f3n de Estados Americanos (OEA) que documentaba los indicios de un fraude en las elecciones generales de octubre de ese a\u00f1o.<\/p>\n<p style=\"text-align: justify;\">\u201cNo vamos a permitir y no vamos a dejar que nos enga\u00f1en y mientan con aprehensiones. Esperamos que se haga justicia. Algunos se han puesto alegres, (cuando) el ministro de Gobierno (Eduardo del Castillo) nos ha dado como un regalo de Navidad por aprehender a Camacho. Pero, ellos ya deber\u00edan haberlo hecho cuando han ingresado al poder, en los primeros meses para que Camacho ni siquiera pudiera candidatear como gobernador de Santa Cruz y que ha perjudicado con el censo\u201d, sostuvo la dirigente cocalera Vilma Colque.<\/p>\n<p style=\"text-align: justify;\">Varios cocaleros se hicieron eco de estas palabras, que se incluyeron en las conclusiones del encuentro y se convirtieron en pedidos para el Gobierno. Los dirigentes observaron que dentro del denominado caso \u2018Golpe de Estado I\u2019 solo se investiga la alteraci\u00f3n del orden constitucional en 2019, pero no las muertes suscitadas en noviembre cuando se activ\u00f3 el Decreto Supremo 4078 que dio \u201clibertad para matar\u201d, seg\u00fan argumentan.<\/p>\n<p style=\"text-align: justify;\">En esa oportunidad, las acciones corresponden a las medidas asumidas por el entonces gobierno transitorio, a las Fuerzas Armadas y a la Polic\u00eda. El entonces l\u00edder c\u00edvico de Santa Cruz no particip\u00f3 de los hechos.<\/p>\n<p style=\"text-align: justify;\">Morales, a modo de conclusi\u00f3n, agreg\u00f3 que: \u201cNi (la expresidenta Jeanine) \u00c1\u00f1ez ni Camacho ni los militares que ya salieron de la c\u00e1rcel est\u00e1n siendo procesados por las masacres de Senkata y de Sacaba. Estamos escuchando el pedido, queremos 30 a\u00f1os de c\u00e1rcel por genocidio a los autores intelectuales y materiales. Que no nos enga\u00f1en algunos ministros deteniendo a Camacho con haber hecho justicia. Camacho no est\u00e1 siendo procesado por las masacres, sino por no haber cumplido normas y leyes\u201d, afirm\u00f3 el l\u00edder cocalero y jefe nacional del MAS.<\/p>\n<p style=\"text-align: justify;\">Por su lado, V\u00edctor Herrera, representante de los cocaleros de Chimor\u00e9, pidi\u00f3 no solo emitir votos resolutivos para exigir 30 a\u00f1os de c\u00e1rcel para el gobernador de Santa Cruz, sino para evitar que el jefe de Estado les \u201cmaree la perdiz\u201d sugiri\u00f3 \u201cir a pelear f\u00edsicamente a La Paz\u201d hasta conseguir la sentencia.<\/p>\n<p style=\"text-align: justify;\">El descontento y rechazo del ala \u2018evista\u2019 hacia el ministro de Gobierno, Eduardo Del Castillo, y al de Justicia, Iv\u00e1n Lima, siguen vigentes y contin\u00faan los pedidos de su destituci\u00f3n.<\/p>\n<p style=\"text-align: justify;\">En tanto, luego de que Camacho pasara un d\u00eda en el penal de Chonchocoro, ambas autoridades aparecieron ante los medios de comunicaci\u00f3n en un tono triunfalista. Por un lado, Del Castillo present\u00f3 los resultados de la lucha contra el narcotr\u00e1fico de 2022 y Lima sali\u00f3 a defender el actuar de la Polic\u00eda, la Fiscal\u00eda y la administraci\u00f3n judicial \u201cenmarcadas en el debido proceso\u201d.<\/p>\n<p style=\"text-align: justify;\">La dirigente Florinda Soliz afirm\u00f3 que la detenci\u00f3n de Camacho es parte de un \u201cc\u00e1lculo pol\u00edtico para no ir en contra del ministro de Gobierno\u201d por lo que pidi\u00f3 a sus compa\u00f1eros estar alertas y \u201cno olvidar que Del Castillo tiene acuerdo con el tema narcotr\u00e1fico y eso no puedo callar\u201d.<\/p>\n<p style=\"text-align: justify;\">Soliz agreg\u00f3 que el primer mandatario, para mejorar su gesti\u00f3n, debe cambiar su gabinete de ministros. Durante la evaluaci\u00f3n, tambi\u00e9n incluyeron en la lista de autoridades que deben ser retiradas al ministro de Econom\u00eda, Marcelo Montenegro, por subestimar las opiniones de Morales respecto a la situaci\u00f3n econ\u00f3mica que vive el pa\u00eds y por el \u201cbajo presupuesto\u201d para las alcald\u00edas y gobernaciones.<\/p>\n<p style=\"text-align: justify;\">El expresidente acot\u00f3 que tambi\u00e9n se debe sacar a los ministros que no son militantes del MAS-IPSP y a los funcionarios \u201cpititas\u201d que trabajaron en el gobierno de Jeanine A\u00f1ez.<\/p>\n<p style=\"text-align: justify;\">Ausencia de los mandatarios<\/p>\n<p style=\"text-align: justify;\">El presidente Luis Arce y el vicepresidente David Choquehuanca fueron invitados a la evaluaci\u00f3n de su gesti\u00f3n. Sin embargo, ninguno se present\u00f3. Este hecho fue considerado por los cocaleros como un acto de traici\u00f3n.<\/p>\n<p style=\"text-align: justify;\">\u201cNuestro gobierno nos ha traicionado, si estar\u00edan con nosotros estar\u00edan presentes en la testera, eso no importa. \u00bfC\u00f3mo hemos hecho nacer el instrumento pol\u00edtico, c\u00f3mo ha empezado la revoluci\u00f3n? Igual continuamos, con ellos o sin ellos la lucha sigue, no vamos a desmayar\u201d, manifest\u00f3 la presidenta del MAS de Cochabamba, Primitiva Huarachi.<\/p>\n<p style=\"text-align: justify;\">Hace una semana, el dirigente de los interculturales, David Veizaga, dijo que Arce deb\u00eda \u201casistir de manera org\u00e1nica\u201d. Incluso, el diputado Freddy L\u00f3pez asegur\u00f3 que iba a ser censurado si faltaba.<\/p>\n<p style=\"text-align: justify;\">En respuesta, el diputado Juan Jos\u00e9 J\u00e1uregui afirm\u00f3 que el presidente tiene un compromiso internacional por la posesi\u00f3n de su par en Brasil, Lula Da Silva, que se realizar\u00e1 el 1 de enero. Sin embargo, el viernes el mandatario public\u00f3 fotograf\u00edas de la reuni\u00f3n que sostuvo con la organizaci\u00f3n de mujeres Bartolina Sisa en la Casa Grande del Pueblo, en La Paz.<\/p>\n<p style=\"text-align: justify;\">Es la segunda vez que las dos primeras autoridades del Estado no atienden una invitaci\u00f3n del MAS. El 18 de diciembre, fecha en que el MAS celebra su ingreso al Gobierno, ni Arce ni Choquehuanca llegaron al estadio en Sacaba. Para los dirigentes, su ausencia a estos dos actos es una confirmaci\u00f3n de \u201cque no est\u00e1n m\u00e1s con nosotros\u201d, dijo Rimer Rojas, de Yungas del Chapare.<\/p>\n<p style=\"text-align: justify;\">Hablando de traici\u00f3n, las Seis Federaciones lamentaron lo ocurrido en la Asamblea Legislativa Plurinacional y pidieron resolver las diferencias entre los dos bloques. El senador Andr\u00f3nico Rodr\u00edguez dijo que el 2023 se deben resolver las peleas o definir quienes no est\u00e1n con el proceso.<\/p>\n<p style=\"text-align: justify;\">El diputado H\u00e9ctor Arce adelant\u00f3 que la \u00fanica forma de unificar la bancada nacional del MAS es que Andr\u00e9s Flores d\u00e9 un paso al costado y se elija a un tercero.<\/p>\n<p style=\"text-align: justify;\">Otras conclusiones<\/p>\n<p style=\"text-align: justify;\">Los cocaleros no solo hablaron de la coyuntura respecto a la determinaci\u00f3n de la justicia, tambi\u00e9n cuestionaron a algunos funcionarios de las alcald\u00edas que estar\u00edan irrumpiendo en los congresos y ampliados para hacer campa\u00f1a por algunos dirigentes.<\/p>\n<p style=\"text-align: justify;\">Por otro lado, pidieron al Gobierno concluir las obras que empez\u00f3 el expresidente Morales y cumplir las promesas de m\u00e1s escuelas y hospitales para el tr\u00f3pico. El l\u00edder del partido azul reiter\u00f3 la importancia de crear un ministerio o viceministerio de Ganader\u00eda y una dependencia de Ciencia y Tecnolog\u00eda.<\/p>\n<p style=\"text-align: justify;\">Entre los asuntos internos, trataron la posibilidad de una reuni\u00f3n del Runasur de los pueblos ind\u00edgenas para debatir lo ocurrido en Per\u00fa con el expresidente Pedro Castillo. Asimismo, plantearon un encuentro de intelectuales antiimperialistas. Sobre el club de f\u00fatbol Palmaflor, sugirieron cambiar de nombre a Cocaflor del Tr\u00f3pico. Para enero preparan un amistoso con un equipo argentino.<\/p>\n<p style=\"text-align: justify;\">CINCO HECHOS QUE MARCAN LA DIVISI\u00d3N DEL MAS<\/p>\n<p style=\"text-align: justify;\">1. Los cuestionamientos al \u2018jefazo y al jefismo\u2019<\/p>\n<p style=\"text-align: justify;\">Los primeros ataques al interior del MAS provinieron del exviceministro de Coordinaci\u00f3n y Gesti\u00f3n Gubernamental Freddy Bobaryn, quien critic\u00f3 al \u201cjefazo\u201d del MAS, Evo Morales, y a su entorno que denomin\u00f3 \u201cjefismo\u201d, al que responsabiliz\u00f3 de \u201cforzar una candidatura a la presidencia, por cuarta vez\u201d en 2019. Meses m\u00e1s tarde fue destituido del cargo por sus constantes \u201cataques\u201d al expresidente. En este momento empezaba a entreverse dos bloques dentro del MAS: los renovadores defensores del Gobierno y de las ideas de David Choquehuanca y los \u2018evistas\u2019, que hasta hoy cuidan la imagen del exmandatario.<\/p>\n<p style=\"text-align: justify;\">El diputado H\u00e9ctor Arce fue el primero en responder a los dichos de Bobaryn en su art\u00edculo de opini\u00f3n publicado en el peri\u00f3dico gubernamental.<\/p>\n<p style=\"text-align: justify;\">2. Evaluaci\u00f3n al gabinete ministeria<\/p>\n<p style=\"text-align: justify;\">En diciembre de 2021, el Pacto de Unidad y el MAS hab\u00edan sugerido al presidente Luis Arce cambiar a los miembros de su gabinete ministerial. En especial observaron a los ministros Eduardo Del Castillo e Iv\u00e1n Lima, quienes tampoco est\u00e1n registrados como militantes del partido azul. Luego surgieron otros nombres, sin embargo, pese a las resoluciones y constantes pedidos, el primer mandatario hizo caso omiso y continu\u00f3 con su gabinete intacto. Aunque s\u00ed hubo algunos cambios en los viceministerios como de Vivienda, Recursos H\u00eddricos y otros. Ahora en el ampliado de las Seis Federaciones del Tr\u00f3pico pidieron alejar al ministro de Econom\u00eda, Marcelo Montenegro, por \u201csubestimar\u201d el an\u00e1lisis econ\u00f3mico del l\u00edder del masismo.<br \/>\n3. Acusaciones frecuentes de narcotr\u00e1fico<\/p>\n<p style=\"text-align: justify;\">A mediados de a\u00f1o, la divisi\u00f3n del MAS se hab\u00eda convertido en un secreto a voces. La expulsi\u00f3n de Rolando Cu\u00e9llar, del ala renovadora, al igual que Ang\u00e9lica Ponce dejaban entrever las diferencias que luego tomaron m\u00e1s fuerza. El diputado expulsado fue una pieza clave para iniciar las acusaciones por v\u00ednculos con el narcotr\u00e1fico, ya que acus\u00f3 al vicepresidente del MAS de haber recibido dinero de un narco argentino. Luego el exministro Carlos Romero tambi\u00e9n aparecer\u00eda para acusar al ministro Del Castillo de protecci\u00f3n al narcotr\u00e1fico. Por otro lado, sali\u00f3 a la luz el caso \u2018coimas\u2019 de la Administradora Boliviana de Caminos (ABC) y los denunciantes oficialistas lamentan que no haya avances significativos ni destituci\u00f3n de autoridades.<br \/>\n4. Pelea por la jefatura de la bancada nacional del MAS<\/p>\n<p style=\"text-align: justify;\">En noviembre, las agresiones verbales pasaron a los golpes entre legisladores de los dos bandos del oficialismo. Finalmente, la pugna por el directorio de la C\u00e1mara de Diputados y la jefatura de la bancada nacional del MAS termin\u00f3 por profundizar la divisi\u00f3n. Discusiones, acusaciones, denuncias de corrupci\u00f3n y de usurpaci\u00f3n de funciones marcaron esta etapa que algunos militantes calificaron de irreconciliable. Para el diputado H\u00e9ctor Arce la \u00fanica salida es que el diputado Andr\u00e9s Flores, actual jefe de bancada nacional, d\u00e9 un paso al costado y se elija un tercero que unifique a los bloques. Algunos parlamentarios se reh\u00fasan a admitir como presidente de la C\u00e1mara de Diputados a Jerges Mercado quien fue posesionado en una sesi\u00f3n \u201cilegal\u201d.<br \/>\n5. Supuestos pactos para la Ley del Censo<\/p>\n<p style=\"text-align: justify;\">Los \u2018evistas\u2019 acusaron a los renovadores de entablar supuestos pactos con la oposici\u00f3n para viabilizar la Ley de Aplicaci\u00f3n de Resultados del Censo que mantuvo a Santa Cruz en paro durante 36 d\u00edas. El Gobierno justific\u00f3 la promulgaci\u00f3n de la norma como una forma de pacificar el pa\u00eds y el ala \u2018evista\u2019 lo interpret\u00f3 como alianzas con la derecha, ya que consideran que es un norma repetitiva e innecesaria. Sin embargo, semanas m\u00e1s tarde se vio en tono de reconciliaci\u00f3n a los renovadores y radicales pactar por la aprobaci\u00f3n de la<\/p>\n<p style=\"text-align: justify;\">Ley del Presupuesto General del Estado 2023. Pese a la detenci\u00f3n del gobernador cruce\u00f1o, los ataques entre bloques no cesan y se prev\u00e9 una pugna m\u00e1s fuerte con expulsiones y otras medidas.<\/p>\n<p style=\"text-align: justify;\">EVO INSISTE EN LA PRESENCIA DE LA DEA Y USAID EN EL PA\u00cdS, HABLA HASTA DE SUPUESTOS ESP\u00cdAS DEL GOBIERNO<\/p>\n<p style=\"text-align: justify;\">El expresidente Evo Morales afirm\u00f3 que tiene documentos que demostrar\u00edan la presencia de la Administraci\u00f3n para el Control de Drogas (DEA) y la Agencia de los Estados Unidos para el Desarrollo Internacional (Usaid) en territorio nacional. Aunque semanas atr\u00e1s, el ministro Eduardo Del Castillo neg\u00f3 que la DEA est\u00e9 operando en el pa\u00eds.<\/p>\n<p style=\"text-align: justify;\">\u201cCon el golpe de Estado vuelve Usaid, vuelve la DEA y sigue operando Usaid, hay documentos y de la DEA ni se imaginan. El mismo ministro dijo sobre Rojas o D\u00e1vila, \u2018voy a pedir informe a la DEA\u2019, sometido a la DEA\u201d, afirm\u00f3 el exmandatario. Agreg\u00f3 que habr\u00eda cartas del canciller y del ministro de Salud dirigidas a Usaid.<\/p>\n<p style=\"text-align: justify;\">Tambi\u00e9n habl\u00f3 sobre la intenci\u00f3n del Gobierno de implicar a los legisladores Leonardo Loza y Andr\u00f3nico Rodr\u00edguez por unas llamadas que hicieron a comandantes de la Polic\u00eda en 2019 para pedir que detengan las masacres. \u201cQuer\u00edan sacar que Andr\u00f3nico habl\u00f3 20 o 30 veces con algunos coroneles durante el golpe\u201d, afirm\u00f3.<\/p>\n<p style=\"text-align: justify;\">Al iniciar la evaluaci\u00f3n al Gobierno, Morales plante\u00f3 la posibilidad de que Luis Arce y David Choquehuanca env\u00eden a personas para espiarlo.<\/p>\n<p style=\"text-align: justify;\">\u201cSeguramente la derecha ha mandado a sus agentes. Seguramente Lucho y David nos van a mandar esp\u00edas tambi\u00e9n. \u00bfCu\u00e1ntos esp\u00edas estar\u00e1n grabando? Que graben, debatimos la verdad\u201d, dijo.<\/p>\n<p style=\"text-align: justify;\">PROHIBICI\u00d3N DEL AZUL<\/p>\n<p style=\"text-align: justify;\">El diputado H\u00e9ctor Arce lament\u00f3 que se est\u00e9 transitando del color azul al rojo y que no se respete al MAS que llev\u00f3 al poder Luis Arce y David Choquehuanca. Otros dirigentes corroboraron que en varios actos sacaron banderas azules y que incluso no se dej\u00f3 participar a dirigentes.<\/p>\n<p style=\"text-align: justify;\">CORRUPCI\u00d3N<\/p>\n<p style=\"text-align: justify;\">Sobre los casos de corrupci\u00f3n denunciados por el Gobierno, exigieron actuar y no ignorar las acusaciones, como ya se hizo con anterioridad con el exviceministro Wilder Quiroz y la ABC.<\/p>\n","protected":false},"excerpt":{"rendered":"<p>La detenci\u00f3n del gobernador Luis Fernando Camacho es considerada por los opositores como un \u201ctrofeo\u201d del Gobierno para subsanar las peleas internas del MAS y detener los constantes cuestionamientos a la gesti\u00f3n de Luis Arce. Incluso, algunos creen que miden fuerzas entre bandos de qui\u00e9n ejerce m\u00e1s \u201cabuso de poder\u201d. Sin embargo, los cocaleros, junto [&hellip;]<\/p>\n","protected":false},"author":4,"featured_media":40900,"comment_status":"open","ping_status":"open","sticky":false,"template":"","format":"standard","meta":{"footnotes":""},"categories":[49],"tags":[],"class_list":{"0":"post-40899","1":"post","2":"type-post","3":"status-publish","4":"format-standard","5":"has-post-thumbnail","7":"category-social"},"_links":{"self":[{"href":"https:\/\/jms.com.bo\/mediamonitor\/wp-json\/wp\/v2\/posts\/40899","targetHints":{"allow":["GET"]}}],"collection":[{"href":"https:\/\/jms.com.bo\/mediamonitor\/wp-json\/wp\/v2\/posts"}],"about":[{"href":"https:\/\/jms.com.bo\/mediamonitor\/wp-json\/wp\/v2\/types\/post"}],"author":[{"embeddable":true,"href":"https:\/\/jms.com.bo\/mediamonitor\/wp-json\/wp\/v2\/users\/4"}],"replies":[{"embeddable":true,"href":"https:\/\/jms.com.bo\/mediamonitor\/wp-json\/wp\/v2\/comments?post=40899"}],"version-history":[{"count":1,"href":"https:\/\/jms.com.bo\/mediamonitor\/wp-json\/wp\/v2\/posts\/40899\/revisions"}],"predecessor-version":[{"id":40935,"href":"https:\/\/jms.com.bo\/mediamonitor\/wp-json\/wp\/v2\/posts\/40899\/revisions\/40935"}],"wp:featuredmedia":[{"embeddable":true,"href":"https:\/\/jms.com.bo\/mediamonitor\/wp-json\/wp\/v2\/media\/40900"}],"wp:attachment":[{"href":"https:\/\/jms.com.bo\/mediamonitor\/wp-json\/wp\/v2\/media?parent=40899"}],"wp:term":[{"taxonomy":"category","embeddable":true,"href":"https:\/\/jms.com.bo\/mediamonitor\/wp-json\/wp\/v2\/categories?post=40899"},{"taxonomy":"post_tag","embeddable":true,"href":"https:\/\/jms.com.bo\/mediamonitor\/wp-json\/wp\/v2\/tags?post=40899"}],"curies":[{"name":"wp","href":"https:\/\/api.w.org\/{rel}","templated":true}]}}