{"id":40903,"date":"2023-01-02T07:12:47","date_gmt":"2023-01-02T11:12:47","guid":{"rendered":"https:\/\/jms.com.bo\/mediamonitor\/2023\/01\/02\/arce-y-choquehuanca-reciben-2023-con-mensajes-que-celebran-la-unidad-y-callan-sobre-santa-cruz\/"},"modified":"2023-01-02T07:12:47","modified_gmt":"2023-01-02T11:12:47","slug":"arce-y-choquehuanca-reciben-2023-con-mensajes-que-celebran-la-unidad-y-callan-sobre-santa-cruz","status":"publish","type":"post","link":"https:\/\/jms.com.bo\/mediamonitor\/2023\/01\/02\/arce-y-choquehuanca-reciben-2023-con-mensajes-que-celebran-la-unidad-y-callan-sobre-santa-cruz\/","title":{"rendered":"Arce y Choquehuanca reciben 2023 con mensajes que celebran la unidad y callan sobre Santa Cruz"},"content":{"rendered":"<p style=\"text-align: justify;\">El presidente Luis Arce Catacora y el vicepresidente David Choquehuanca recibieron 2023 con mensajes de optimismo y destacando sus logros en 2022, pero sin referirse al conflicto que se vive en Santa Cruz desde la pasada semana y que deriv\u00f3 en enfrentamientos que se prolongaron hasta entrado el nuevo a\u00f1o, con saldos de heridos, m\u00e1s de medio centenar de detenidos, ataques a una decena de instituciones, excesos de la Polic\u00eda y atropellos contra los periodistas que realizan la cobertura de esos hechos.<\/p>\n<p style=\"text-align: justify;\">Arce dio la bienvenida al nuevo a\u00f1o con un dos post en su cuenta en Twitter. En uno de ellos publica un hilo acompa\u00f1ado de un banner en el que destaca los que \u00e9l considera sus logros econ\u00f3micos en 2022.<\/p>\n<p style=\"text-align: justify;\">\u201cGracias a la unidad y trabajo del pueblo boliviano, este 2022 #Bolivia volvi\u00f3 a mostrarse fuerte y estable ante los ojos del mundo. Las y los bolivianos conf\u00edan en la moneda nacional; cerca del 86% de los ahorros y el 99% de los pr\u00e9stamos se encuentran en bolivianos\u201d, escribi\u00f3 al inicio del hilo.<\/p>\n<p style=\"text-align: justify;\">En un segundo mensaje, publicado al filo del inicio del nuevo a\u00f1o, destaca el cari\u00f1o que dice recibir en cada una de las regiones que visita en el pa\u00eds y alienta a un 2023 con unidad.<\/p>\n<p style=\"text-align: justify;\">\u201cEl 2022 nos deja incomparables experiencias al lado de nuestra poblaci\u00f3n, porque en cada regi\u00f3n que visitamos, en cada abrazo que recibimos y en cada mano que estrechamos, sentimos el cari\u00f1o que nos hacen fuertes y nos muestra el camino. Este 2023, unidas y unidos \u00a1vamos por m\u00e1s!\u201d, escribi\u00f3.<\/p>\n<p style=\"text-align: justify;\">A su turno, el vicepresidente David Choquehuanca public\u00f3 un mensaje en el que dice que espera que la paz ilumine el camino de los bolivianos.<\/p>\n<p style=\"text-align: justify;\">\u201cQue la fuerza de la bondad, de la felicidad, de la verdad, de la unidad, de la integraci\u00f3n, de la hermandad, de la complementariedad, de la justicia, del respeto, del equilibrio, de la paz y la armon\u00eda, iluminen nuestro camino\u201d, escribi\u00f3.<\/p>\n<p style=\"text-align: justify;\">Desde que estall\u00f3 el conflicto en Santa Cruz, la pasada semana, a\u00fan ninguno de los mandatarios se refiri\u00f3 al mismo.<\/p>\n<p style=\"text-align: justify;\">Un detalle importante<\/p>\n<p style=\"text-align: justify;\">P\u00e1gina Siete tiene un equipo de 35 periodistas que trabajan para cubrir las noticias que le permiten estar bien informado.<\/p>\n<p style=\"text-align: justify;\">Ay\u00fadenos a financiar este servicio suscribi\u00e9ndose a P\u00e1gina Siete Digital y reciba acceso a informaci\u00f3n exclusiva, como el peri\u00f3dico impreso digital, la hemeroteca (con 13 a\u00f1os de informaci\u00f3n acumulada) y mucho m\u00e1s.<\/p>\n<p style=\"text-align: justify;\">El precio mensual equivale a lo que costar\u00eda un almuerzo.<\/p>\n<p style=\"text-align: justify;\">Apoyar el periodismo independiente es una buena causa.<\/p>\n<p style=\"text-align: justify;\">\n","protected":false},"excerpt":{"rendered":"<p>El presidente Luis Arce Catacora y el vicepresidente David Choquehuanca recibieron 2023 con mensajes de optimismo y destacando sus logros en 2022, pero sin referirse al conflicto que se vive en Santa Cruz desde la pasada semana y que deriv\u00f3 en enfrentamientos que se prolongaron hasta entrado el nuevo a\u00f1o, con saldos de heridos, m\u00e1s [&hellip;]<\/p>\n","protected":false},"author":4,"featured_media":40904,"comment_status":"open","ping_status":"open","sticky":false,"template":"","format":"standard","meta":{"footnotes":""},"categories":[20],"tags":[],"class_list":{"0":"post-40903","1":"post","2":"type-post","3":"status-publish","4":"format-standard","5":"has-post-thumbnail","7":"category-actualidad"},"_links":{"self":[{"href":"https:\/\/jms.com.bo\/mediamonitor\/wp-json\/wp\/v2\/posts\/40903","targetHints":{"allow":["GET"]}}],"collection":[{"href":"https:\/\/jms.com.bo\/mediamonitor\/wp-json\/wp\/v2\/posts"}],"about":[{"href":"https:\/\/jms.com.bo\/mediamonitor\/wp-json\/wp\/v2\/types\/post"}],"author":[{"embeddable":true,"href":"https:\/\/jms.com.bo\/mediamonitor\/wp-json\/wp\/v2\/users\/4"}],"replies":[{"embeddable":true,"href":"https:\/\/jms.com.bo\/mediamonitor\/wp-json\/wp\/v2\/comments?post=40903"}],"version-history":[{"count":0,"href":"https:\/\/jms.com.bo\/mediamonitor\/wp-json\/wp\/v2\/posts\/40903\/revisions"}],"wp:featuredmedia":[{"embeddable":true,"href":"https:\/\/jms.com.bo\/mediamonitor\/wp-json\/wp\/v2\/media\/40904"}],"wp:attachment":[{"href":"https:\/\/jms.com.bo\/mediamonitor\/wp-json\/wp\/v2\/media?parent=40903"}],"wp:term":[{"taxonomy":"category","embeddable":true,"href":"https:\/\/jms.com.bo\/mediamonitor\/wp-json\/wp\/v2\/categories?post=40903"},{"taxonomy":"post_tag","embeddable":true,"href":"https:\/\/jms.com.bo\/mediamonitor\/wp-json\/wp\/v2\/tags?post=40903"}],"curies":[{"name":"wp","href":"https:\/\/api.w.org\/{rel}","templated":true}]}}