{"id":41092,"date":"2023-01-04T06:22:16","date_gmt":"2023-01-04T10:22:16","guid":{"rendered":"https:\/\/jms.com.bo\/mediamonitor\/2023\/01\/04\/el-gobierno-denuncia-quema-y-toma-de-13-retenes-de-peaje-en-santa-cruz-y-dano-de-bs-21-millones\/"},"modified":"2023-01-04T06:22:16","modified_gmt":"2023-01-04T10:22:16","slug":"el-gobierno-denuncia-quema-y-toma-de-13-retenes-de-peaje-en-santa-cruz-y-dano-de-bs-21-millones","status":"publish","type":"post","link":"https:\/\/jms.com.bo\/mediamonitor\/2023\/01\/04\/el-gobierno-denuncia-quema-y-toma-de-13-retenes-de-peaje-en-santa-cruz-y-dano-de-bs-21-millones\/","title":{"rendered":"El Gobierno denuncia quema y toma de 13 retenes de peaje en Santa Cruz, y da\u00f1o de Bs 2,1 millones"},"content":{"rendered":"<p style=\"text-align: justify;\">El conflicto en Santa Cruz ya le pasa factura al Estado. El ministro de Obras P\u00fablicas, \u00c9dgar Monta\u00f1o, denunci\u00f3 la toma y quema de retenes de peaje en ese departamento. El da\u00f1o asciende a Bs 2,1 millones desde el 28 de diciembre de 2022, cuando se aprehendi\u00f3 al gobernador Luis Fernando Camacho.<\/p>\n<p style=\"text-align: justify;\">Monta\u00f1o dio la informaci\u00f3n en una conferencia de prensa, acompa\u00f1ado del director nacional de V\u00edas Bolivia, Emilio Zurita, quien lament\u00f3 los actos vand\u00e1licos. \u201cHay cuatro estaciones de peaje quemadas, totalmente destruidas\u201d, remarc\u00f3. \u201cQuemaron activos, servidores, que ahora debemos comprar a Jap\u00f3n\u201d. Indic\u00f3 que los v\u00e1ndalos buscaron incluso lo recaudado. \u201cEso es robo\u201d. Y sentenci\u00f3: \u201cEsto es un da\u00f1o econ\u00f3mico al Estado\u201d.<\/p>\n<p style=\"text-align: justify;\">Eso no es todo. Zurita se\u00f1al\u00f3 que hay otros nueve retenes de peaje tomados por miembros de la Uni\u00f3n Juvenil Cruce\u00f1ista (UJC), donde est\u00e1n pernoctando y no dejan realizar los cobros, estaciones que son parte de la red vial fundamental administrada por V\u00edas Bolivia. Aparte, hay otros tres que est\u00e1n bajo amenaza.<\/p>\n<p style=\"text-align: justify;\">Monta\u00f1o atribuy\u00f3 esta situaci\u00f3n a la amenaza del presidente del Comit\u00e9 pro Santa Cruz, R\u00f3mulo Calvo, quien anunci\u00f3 el fin de semana un cambio de estrategia en las medidas de presi\u00f3n para exigir la liberaci\u00f3n de Camacho, con la \u201cprotecci\u00f3n\u201d de \u201cinstituciones p\u00fablicas del Estado para que no salga un peso de los cruce\u00f1os al centralismo\u201d.<\/p>\n<p style=\"text-align: justify;\">El presidente del Comit\u00e9 pro Santa Cruz, R\u00f3mulo Calvo. Foto: CPSC<br \/>\nEste caso investiga el derrocamiento del presidente Evo Morales en noviembre de 2019, cuando Camacho y su padre, Jos\u00e9 Luis, los principales sindicados, jugaron un papel clave en las protestas c\u00edvicas ante las denuncias de fraude electoral. A ello se sum\u00f3 un mot\u00edn policial y la presi\u00f3n de las Fuerzas Armadas para la renuncia presidencial.<\/p>\n<p style=\"text-align: justify;\">Gracias a las movilizaciones y reuniones extralegislativas, la entonces senadora opositora Jeanine \u00c1\u00f1ez tom\u00f3 el poder. La Fiscal\u00eda demostr\u00f3 que lo hizo sin el respectivo qu\u00f3rum en la Asamblea Legislativa y sin respetar el reglamento de debates del Senado. Ella se encuentra en la c\u00e1rcel de Miraflores, fue sentenciada a 10 a\u00f1os de prisi\u00f3n, en primera instancia, en el caso Golpe de Estado II, precisamente sobre su irregular proclamaci\u00f3n.<\/p>\n<p style=\"text-align: justify;\">RETENES DE PEAJE<\/p>\n<p style=\"text-align: justify;\">El ministro Monta\u00f1o indic\u00f3 que los puntos afectados por las quemas y tomas de estaciones de peaje de la red vial fundamental est\u00e1n en las rutas de Santa Cruz que lo unen con Cochabamba, en la carretera nueva; con los valles por la carretera antigua; con el Chaco (Santa Cruz-Camiri-Boyuibe-Yacuiba); y con la Chiquitan\u00eda, que va al Beni.<\/p>\n<p style=\"text-align: justify;\">\u201cDecirle al se\u00f1or Calvo, los recursos que se generan por el cobro de peaje de la red vial fundamental no solo solamente para el nivel central, sino tambi\u00e9n para Santa Cruz. De todo lo recaudado, el 30% lo entregamos a gobernaciones, en espec\u00edfico a la de Santa Cruz, sin que ella ponga un solo funcionario o que haga mantenimiento a la red vial fundamental\u201d.<\/p>\n<p style=\"text-align: justify;\">Tanto Monta\u00f1o como Zurita subrayaron que la gobernaci\u00f3n cruce\u00f1a recibe en promedio Bs 50 millones anuales por este concepto. \u201cEso es lo que est\u00e1 poniendo en riesgo el se\u00f1or Calvo en estos momentos, con la toma de los retenes o el cobro de peajes\u201d, indic\u00f3 el ministro.<\/p>\n<p style=\"text-align: justify;\">El da\u00f1o econ\u00f3mico al Estado por este concepto, desde el 28 de diciembre, informaron Monta\u00f1o y Zurita, asciende a Bs 2.174.936. Por ello, el ministro anunci\u00f3 una denuncia. \u201cComo autoridad me corresponde, igual al director nacional. A todas aquellas personas que han tomado, saqueado, quemado retenes de peaje, en alg\u00fan momento la Justicia les llamar\u00e1 para pagar esas p\u00e9rdidas econ\u00f3micas\u201d.<\/p>\n<p style=\"text-align: justify;\">Mientras el director de la estatal llam\u00f3 a la reflexi\u00f3n a los movilizados. \u201cHay que deponer estas actitudes porque est\u00e1n haciendo un da\u00f1o a la infraestructura del pueblo boliviano. Tenemos personas identificadas, vamos a hacer la denuncia por da\u00f1o econ\u00f3mico al Estado\u201d.<\/p>\n<p style=\"text-align: justify;\">\n<p style=\"text-align: justify;\">\n","protected":false},"excerpt":{"rendered":"<p>El conflicto en Santa Cruz ya le pasa factura al Estado. El ministro de Obras P\u00fablicas, \u00c9dgar Monta\u00f1o, denunci\u00f3 la toma y quema de retenes de peaje en ese departamento. El da\u00f1o asciende a Bs 2,1 millones desde el 28 de diciembre de 2022, cuando se aprehendi\u00f3 al gobernador Luis Fernando Camacho. Monta\u00f1o dio la [&hellip;]<\/p>\n","protected":false},"author":4,"featured_media":41093,"comment_status":"open","ping_status":"open","sticky":false,"template":"","format":"standard","meta":{"footnotes":""},"categories":[49],"tags":[],"class_list":{"0":"post-41092","1":"post","2":"type-post","3":"status-publish","4":"format-standard","5":"has-post-thumbnail","7":"category-social"},"_links":{"self":[{"href":"https:\/\/jms.com.bo\/mediamonitor\/wp-json\/wp\/v2\/posts\/41092","targetHints":{"allow":["GET"]}}],"collection":[{"href":"https:\/\/jms.com.bo\/mediamonitor\/wp-json\/wp\/v2\/posts"}],"about":[{"href":"https:\/\/jms.com.bo\/mediamonitor\/wp-json\/wp\/v2\/types\/post"}],"author":[{"embeddable":true,"href":"https:\/\/jms.com.bo\/mediamonitor\/wp-json\/wp\/v2\/users\/4"}],"replies":[{"embeddable":true,"href":"https:\/\/jms.com.bo\/mediamonitor\/wp-json\/wp\/v2\/comments?post=41092"}],"version-history":[{"count":0,"href":"https:\/\/jms.com.bo\/mediamonitor\/wp-json\/wp\/v2\/posts\/41092\/revisions"}],"wp:featuredmedia":[{"embeddable":true,"href":"https:\/\/jms.com.bo\/mediamonitor\/wp-json\/wp\/v2\/media\/41093"}],"wp:attachment":[{"href":"https:\/\/jms.com.bo\/mediamonitor\/wp-json\/wp\/v2\/media?parent=41092"}],"wp:term":[{"taxonomy":"category","embeddable":true,"href":"https:\/\/jms.com.bo\/mediamonitor\/wp-json\/wp\/v2\/categories?post=41092"},{"taxonomy":"post_tag","embeddable":true,"href":"https:\/\/jms.com.bo\/mediamonitor\/wp-json\/wp\/v2\/tags?post=41092"}],"curies":[{"name":"wp","href":"https:\/\/api.w.org\/{rel}","templated":true}]}}