{"id":41094,"date":"2023-01-04T06:23:39","date_gmt":"2023-01-04T10:23:39","guid":{"rendered":"https:\/\/jms.com.bo\/mediamonitor\/2023\/01\/04\/transporte-pesado-registra-cientos-de-camiones-parados-en-santa-cruz\/"},"modified":"2023-01-04T06:25:37","modified_gmt":"2023-01-04T10:25:37","slug":"transporte-pesado-registra-cientos-de-camiones-parados-en-santa-cruz","status":"publish","type":"post","link":"https:\/\/jms.com.bo\/mediamonitor\/2023\/01\/04\/transporte-pesado-registra-cientos-de-camiones-parados-en-santa-cruz\/","title":{"rendered":"Transporte pesado registra cientos de camiones parados en Santa Cruz"},"content":{"rendered":"<p style=\"text-align: justify;\">El ejecutivo del Sindicato de Choferes Asalariados del Transporte Nacional e Internacional (Schatin), Pedro Quispe, inform\u00f3 que existen cientos de unidades parados en diferentes puntos carreteros en el departamento de Santa Cruz.<\/p>\n<p style=\"text-align: justify;\">\u201cSon centenares de veh\u00edculos parados en diferentes industrias, ll\u00e1mese Fino, Rico, no pueden cargar, y est\u00e1n en las carreteras, en Buena Vista, en Portachuelos, en el kil\u00f3metro 6 Doble V\u00eda la Guardia, todo bloqueado, est\u00e1 bloqueado Pail\u00f3n, son cientos de unidades que no se puede cuantificar\u201d, dijo Quispe.<\/p>\n<p style=\"text-align: justify;\">El dirigente indic\u00f3 que existen camiones parados en las v\u00edas desde y hacia Santa Cruz con carga de importaci\u00f3n y exportaci\u00f3n.<\/p>\n<p style=\"text-align: justify;\">Dijo que un 70% de la carga de la mercader\u00eda sale del departamento de Santa Cruz a los puertos peruanos como la soya, casta\u00f1a, la madera, el aceite, el alcohol, entre otros.<\/p>\n<p style=\"text-align: justify;\">De la misma forma los productos de importaci\u00f3n como combustibles que vienen de Brasil y Argentina no pueden llegar a destino a causa de las medidas de presi\u00f3n que se registran desde el 29 de diciembre en Santa Cruz.<\/p>\n<p style=\"text-align: justify;\">\u201cEsperamos las autoridades tomen cartas en el asunto, la polic\u00eda boliviana que cumpla con sus buenos oficios, el libre tr\u00e1nsito que haga respetar, eso pedimos nosotros, estamos preocupados hemos acabado el a\u00f1o con bloqueos y estamos empezando con bloqueos\u201d, demand\u00f3 Quispe.<\/p>\n<p style=\"text-align: justify;\">Tras la aprehensi\u00f3n y encarcelamiento del gobernador de Santa Cruz, Luis Fernando Camacho, en el penal de Chonchocoro, La Paz, diferentes sectores afines a la autoridad cruce\u00f1a se movilizan en demanda de su liberaci\u00f3n.<\/p>\n","protected":false},"excerpt":{"rendered":"<p>El ejecutivo del Sindicato de Choferes Asalariados del Transporte Nacional e Internacional (Schatin), Pedro Quispe, inform\u00f3 que existen cientos de unidades parados en diferentes puntos carreteros en el departamento de Santa Cruz. \u201cSon centenares de veh\u00edculos parados en diferentes industrias, ll\u00e1mese Fino, Rico, no pueden cargar, y est\u00e1n en las carreteras, en Buena Vista, en [&hellip;]<\/p>\n","protected":false},"author":4,"featured_media":41095,"comment_status":"open","ping_status":"open","sticky":false,"template":"","format":"standard","meta":{"footnotes":""},"categories":[49],"tags":[],"class_list":{"0":"post-41094","1":"post","2":"type-post","3":"status-publish","4":"format-standard","5":"has-post-thumbnail","7":"category-social"},"_links":{"self":[{"href":"https:\/\/jms.com.bo\/mediamonitor\/wp-json\/wp\/v2\/posts\/41094","targetHints":{"allow":["GET"]}}],"collection":[{"href":"https:\/\/jms.com.bo\/mediamonitor\/wp-json\/wp\/v2\/posts"}],"about":[{"href":"https:\/\/jms.com.bo\/mediamonitor\/wp-json\/wp\/v2\/types\/post"}],"author":[{"embeddable":true,"href":"https:\/\/jms.com.bo\/mediamonitor\/wp-json\/wp\/v2\/users\/4"}],"replies":[{"embeddable":true,"href":"https:\/\/jms.com.bo\/mediamonitor\/wp-json\/wp\/v2\/comments?post=41094"}],"version-history":[{"count":1,"href":"https:\/\/jms.com.bo\/mediamonitor\/wp-json\/wp\/v2\/posts\/41094\/revisions"}],"predecessor-version":[{"id":41096,"href":"https:\/\/jms.com.bo\/mediamonitor\/wp-json\/wp\/v2\/posts\/41094\/revisions\/41096"}],"wp:featuredmedia":[{"embeddable":true,"href":"https:\/\/jms.com.bo\/mediamonitor\/wp-json\/wp\/v2\/media\/41095"}],"wp:attachment":[{"href":"https:\/\/jms.com.bo\/mediamonitor\/wp-json\/wp\/v2\/media?parent=41094"}],"wp:term":[{"taxonomy":"category","embeddable":true,"href":"https:\/\/jms.com.bo\/mediamonitor\/wp-json\/wp\/v2\/categories?post=41094"},{"taxonomy":"post_tag","embeddable":true,"href":"https:\/\/jms.com.bo\/mediamonitor\/wp-json\/wp\/v2\/tags?post=41094"}],"curies":[{"name":"wp","href":"https:\/\/api.w.org\/{rel}","templated":true}]}}