{"id":41097,"date":"2023-01-04T06:27:04","date_gmt":"2023-01-04T10:27:04","guid":{"rendered":"https:\/\/jms.com.bo\/mediamonitor\/2023\/01\/04\/bloqueos-complican-a-productores-que-advierten-aumento-de-precios-de-los-alimentos\/"},"modified":"2023-01-04T06:27:04","modified_gmt":"2023-01-04T10:27:04","slug":"bloqueos-complican-a-productores-que-advierten-aumento-de-precios-de-los-alimentos","status":"publish","type":"post","link":"https:\/\/jms.com.bo\/mediamonitor\/2023\/01\/04\/bloqueos-complican-a-productores-que-advierten-aumento-de-precios-de-los-alimentos\/","title":{"rendered":"Bloqueos complican a productores, que advierten aumento de precios de los alimentos"},"content":{"rendered":"<p style=\"text-align: justify;\">Los bloqueos de carreteras de Santa Cruz que vinculan a este departamento con el occidente del pa\u00eds -en Pail\u00f3n, km 13 de la doble v\u00eda a La Guardia, San Carlos y Robor\u00e9- y el estallido de violencia en la regi\u00f3n oriental, sucedida tras la aprehensi\u00f3n y traslado a La Paz del gobernador cruce\u00f1o Luis Fernando Camacho el 28 de diciembre, provocan problemas a productores de Cochabamba y de Beni, que alertan una subida de los precios de los alimentos, en particular de carne de bovina, av\u00edcola y porcina. Ambas regiones registran alta dependencia de insumos (ma\u00edz y derivados de soya y sorgo) para la actividad agropecuaria.<\/p>\n<p style=\"text-align: justify;\">Desde la C\u00e1mara Agropecuaria de Cochabamba (CAC), su presidente Rolando Morales, expres\u00f3 que, si bien comparten la reivindicaci\u00f3n de Santa Cruz por respeto al estado de derecho, la medida extrema del bloqueo de carreteras enciende las alarmas del sector que se ve perturbado en el intercambio comercial de alimentos, que profundizar\u00edan la crisis y el cierre de unidades productivas.<\/p>\n<p style=\"text-align: justify;\">En el entorno local, insinu\u00f3 que Cochabamba diariamente, en promedio, despacha 50 camiones con flores, verduras, hortalizas y c\u00edtricos a Santa Cruz. Reliev\u00f3 que son dos los aspectos derivados de los bloqueos que preocupan al sector. El primero, la p\u00e9rdida del mercado argentino para el banano, el palmito y la pi\u00f1a que se procesan en el Tr\u00f3pico de Cochabamba. Cit\u00f3, por ejemplo, que esta es la mejor \u00e9poca de exportaci\u00f3n de banana y que las empacadoras tienen lista la carga para al menos 80 furgones.<\/p>\n<p style=\"text-align: justify;\">A decir de Morales, la traba de movimiento de granos, as\u00ed como de derivados de soya y sorgo, adem\u00e1s de otros insumos, es otro tema que tiene en alerta al sector pecuario (av\u00edcola y lechero), que teme quedar desabastecido, lo que, a su criterio, influir\u00eda en una escalada de precios de los productos de origen pecuario por el encarecimiento de la log\u00edstica y los costos operativos de producci\u00f3n.<\/p>\n<p style=\"text-align: justify;\">\u201cInvocamos al Gobierno a dar una soluci\u00f3n estructural, no hacerlo tendr\u00e1 efectos irremediables en el aparato productivo de Cochabamba\u201d, advirti\u00f3 Morales.<\/p>\n<p style=\"text-align: justify;\">Voceros del sector av\u00edcola refirieron que cuentan con un stock limitado de granos e insumos que provienen de Santa Cruz, pero que de persistir los bloqueos el riesgo de escasez de pollo terminado es cuesti\u00f3n de d\u00edas, con la agravante de la subida de precios. Hoy por hoy, aseguran que la oferta y los precios no variaron. Santa Cruz abastece m\u00e1s del 70% de los insumos esenciales para la producci\u00f3n de alimento balanceado para el sector pecuario de la Llajta.<\/p>\n<p style=\"text-align: justify;\">En las \u00faltimas horas, la Asociaci\u00f3n Departamental de Avicultores (ADA) Santa Cruz emiti\u00f3 una nota en la que, a tiempo de rechazar todo tipo de abuso y violaci\u00f3n del Estado de Derecho, las garant\u00edas constitucionales y el debido proceso que atentan contra la estabilidad pol\u00edtica, econ\u00f3mica y social de Santa Cruz y Bolivia, anuncia que debido a la coyuntura actual, de conmoci\u00f3n pol\u00edtica y social, el sector no podr\u00e1 llegar con sus productos a todos los mercados nacionales. \u201cPedimos su comprensi\u00f3n por los perjuicios que esta situaci\u00f3n genera\u201d, se\u00f1ala en su parte final el comunicado sectorial.<\/p>\n<p style=\"text-align: justify;\">Desde la Asociaci\u00f3n Departamental de Porcicultores de Santa Cruz (Adepor), Jorge M\u00e9ndez, afirm\u00f3 que el sector mantiene firme la defensa de respeto al Estado de Derecho. \u201cVenimos golpeados desde 2022, la inestabilidad pol\u00edtica y social est\u00e1 deteriorando la econom\u00eda productiva del sector, que afronta un estado cr\u00edtico de iliquidez\u201d, afirm\u00f3, al se\u00f1alar que aunque quisieran los bloqueos limitan la comercializaci\u00f3n de su producci\u00f3n a mercados del occidente. El sector produce, en promedio cada mes, 70.000 animales, de los cuales Santa Cruz consume el 50% y la otra mitad, en condiciones normales, se destina para cubrir la demanda de Cochabamba, La Paz, Tarija. Sucre y Potos\u00ed.<\/p>\n<p style=\"text-align: justify;\">Entre tanto, en un sondeo realizado a ganaderos de Santa Cruz, m\u00e1s de uno manifest\u00f3 que la defensa de la institucionalidad cruce\u00f1a es inquebrantable y que mientras esa voluntad sectorial no se respete los productores no sacar\u00e1n ganado para los mercados del occidente del pa\u00eds.<\/p>\n<p style=\"text-align: justify;\">Incertidumbre en La Paz<\/p>\n<p style=\"text-align: justify;\">Este \u00faltimo anuncio de los productores pecuarios de Santa Cruz tiene en vilo a los vendedores de carne bovina en La Paz. Seg\u00fan Jes\u00fas Uchani, presidente de la Confederaci\u00f3n Nacional de Trabajadores de Carne de Bolivia (Contracabol, por ahora, tanto la oferta como los precios de carne de res que proviene de Santa Cruz, Beni y el Altiplano se mantienen estables, aunque si la medida de bloqueo se prolonga en los pr\u00f3ximos d\u00edas, se expone a este departamento a un quiebre de la oferta, con la consiguiente subida de precios.<\/p>\n<p style=\"text-align: justify;\">Ayer, citado en P\u00e1gina Siete, por el paro cruce\u00f1o no llega carne de res y el kilo de pollo sube a Bs 17,50 en los mercados Rodr\u00edguez y Yungas del centro de La Paz. Despu\u00e9s de Navidad estaba en Bs 16 el kilo.<\/p>\n<p style=\"text-align: justify;\">Efecto en el agro en Beni<\/p>\n<p style=\"text-align: justify;\">En el departamento de Beni, seg\u00fan el presidente de la Asociaci\u00f3n de Productores de Oleaginosas de Beni (Adepo), Fernando Romero, los bloqueos de carreteras sucedidos de la crisis social y escalada de violencia de violencia en Santa Cruz por la aprehensi\u00f3n del gobernador de Santa Cruz est\u00e1 limitando la llegada de agroqu\u00edmicos para combatir la maleza y el ataque de plagas que han proliferado en los campos de cultivos de arroz, soya y ma\u00edz por la sequ\u00eda.<\/p>\n<p style=\"text-align: justify;\">El dirigente agr\u00edcola hizo notar que la condici\u00f3n climatol\u00f3gica adversa dej\u00f3 secuelas en las plantaciones y que ahora el impacto por la proliferaci\u00f3n de insectos y enfermedades en los cultivos que solo se combaten con agroqu\u00edmicos dejar\u00e1n un impacto directo e irreversible en la producci\u00f3n de estos granos que son fuente de prote\u00edna para el ganado bovino disponible en el departamento amaz\u00f3nico.<\/p>\n<p style=\"text-align: justify;\">Ministro garantiza alimentos<\/p>\n<p style=\"text-align: justify;\">Desde el Ministerio de Desarrollo Productivo y Econom\u00eda Plural, el titular de esta cartera N\u00e9stor Huanca, afirm\u00f3 que la poblaci\u00f3n boliviana \u201cno sufrir\u00e1 de hambre, aunque la amenacen\u201d, porque tiene variedad de alimentos para la canasta familiar.<\/p>\n<p style=\"text-align: justify;\">Destac\u00f3 que el occidente de Bolivia se destaca por la producci\u00f3n de carnes de pescado (trucha, ispi, karachi, pejerrey), res, cordero, llama, adem\u00e1s de quinua, leche, ma\u00edz, arroz, ca\u00f1a de az\u00facar y muchas frutas y hortalizas.<\/p>\n<p style=\"text-align: justify;\">\u201cNo vamos a sufrir de hambre, aunque nos est\u00e9n amenazando\u201d, afirm\u00f3 el ministro, con motivo del acto de inicio de construcci\u00f3n de una planta pisc\u00edcola, en la localidad de Tiquina en La Paz.<\/p>\n<p style=\"text-align: justify;\">Operaciones en la Bimodal<\/p>\n<p style=\"text-align: justify;\">Desde la Terminal Bimodal informaron que, a pesar de los bloqueos, los viajes se est\u00e1n dando con relativa normalidad, ya que en vez de Pail\u00f3n los buses se est\u00e1n desviando por Okinawa; en el kil\u00f3metro 13 de la doble v\u00eda a La Guardia, y que al ser a\u00fan centro urbano, existen varias v\u00edas de escape.<\/p>\n<p style=\"text-align: justify;\">Sin embargo, admitieron que ha disminuido la demanda de pasajes debido a incertidumbre de los viajeros de que se endurezcan los bloqueos, o se incrementen los puntos, de tal modo que afecte en la posibilidad de retornar.<br \/>\nSeg\u00fan los operadores de buses, los puntos de bloqueo m\u00e1s duros son los de San Carlos y Pail\u00f3n. En el caso del km 13 a La Guardia, donde se conecta con Camiri, algunas l\u00edneas hacen transbordo.<\/p>\n<p style=\"text-align: justify;\">El pasajero debe ir por sus propios medios hasta ese punto y desde ah\u00ed sale el bus que lo trasladar\u00e1 hasta destino final. Otros desv\u00edan este punto por la avenida Mosc\u00fa.<\/p>\n<p style=\"text-align: justify;\">Los pasajeros que han llegado de otros departamentos por la carretera antigua a Cochabamba han tenido que hacer transbordo para poder llegar a la capital cruce\u00f1a. Hay unidades del transporte pesado que se encuentran varadas en la carretera.<\/p>\n<p style=\"text-align: justify;\">Desde la administraci\u00f3n de la Bimodal tambi\u00e9n recalcaron que no hay posibilidad de llegar a Puerto Su\u00e1rez, Puerto Quijarro y Corumb\u00e1, debido al bloqueo instalado en Robor\u00e9.<\/p>\n<p style=\"text-align: justify;\">El gobierno, a trav\u00e9s del viceministro de Comercio Exterior, Benjam\u00edn Blanco, afirm\u00f3 que \u201cno existen quejas de los operadores\u201d que est\u00e1n a cargo de viabilizar las exportaciones que salen a trav\u00e9s de la regi\u00f3n. Santa Cruz tiene frontera con Brasil, Paraguay y Argentina.<\/p>\n","protected":false},"excerpt":{"rendered":"<p>Los bloqueos de carreteras de Santa Cruz que vinculan a este departamento con el occidente del pa\u00eds -en Pail\u00f3n, km 13 de la doble v\u00eda a La Guardia, San Carlos y Robor\u00e9- y el estallido de violencia en la regi\u00f3n oriental, sucedida tras la aprehensi\u00f3n y traslado a La Paz del gobernador cruce\u00f1o Luis Fernando [&hellip;]<\/p>\n","protected":false},"author":4,"featured_media":41098,"comment_status":"open","ping_status":"open","sticky":false,"template":"","format":"standard","meta":{"footnotes":""},"categories":[49],"tags":[],"class_list":{"0":"post-41097","1":"post","2":"type-post","3":"status-publish","4":"format-standard","5":"has-post-thumbnail","7":"category-social"},"_links":{"self":[{"href":"https:\/\/jms.com.bo\/mediamonitor\/wp-json\/wp\/v2\/posts\/41097","targetHints":{"allow":["GET"]}}],"collection":[{"href":"https:\/\/jms.com.bo\/mediamonitor\/wp-json\/wp\/v2\/posts"}],"about":[{"href":"https:\/\/jms.com.bo\/mediamonitor\/wp-json\/wp\/v2\/types\/post"}],"author":[{"embeddable":true,"href":"https:\/\/jms.com.bo\/mediamonitor\/wp-json\/wp\/v2\/users\/4"}],"replies":[{"embeddable":true,"href":"https:\/\/jms.com.bo\/mediamonitor\/wp-json\/wp\/v2\/comments?post=41097"}],"version-history":[{"count":0,"href":"https:\/\/jms.com.bo\/mediamonitor\/wp-json\/wp\/v2\/posts\/41097\/revisions"}],"wp:featuredmedia":[{"embeddable":true,"href":"https:\/\/jms.com.bo\/mediamonitor\/wp-json\/wp\/v2\/media\/41098"}],"wp:attachment":[{"href":"https:\/\/jms.com.bo\/mediamonitor\/wp-json\/wp\/v2\/media?parent=41097"}],"wp:term":[{"taxonomy":"category","embeddable":true,"href":"https:\/\/jms.com.bo\/mediamonitor\/wp-json\/wp\/v2\/categories?post=41097"},{"taxonomy":"post_tag","embeddable":true,"href":"https:\/\/jms.com.bo\/mediamonitor\/wp-json\/wp\/v2\/tags?post=41097"}],"curies":[{"name":"wp","href":"https:\/\/api.w.org\/{rel}","templated":true}]}}