{"id":4167,"date":"2021-03-19T04:53:59","date_gmt":"2021-03-19T08:53:59","guid":{"rendered":"http:\/\/jms.com.bo\/mediamonitor\/?p=4167"},"modified":"2021-03-19T04:53:59","modified_gmt":"2021-03-19T08:53:59","slug":"onu-lanza-programa-para-combatir-la-violencia-a-mujeres-y-ninos","status":"publish","type":"post","link":"https:\/\/jms.com.bo\/mediamonitor\/2021\/03\/19\/onu-lanza-programa-para-combatir-la-violencia-a-mujeres-y-ninos\/","title":{"rendered":"ONU lanza programa para combatir la violencia a mujeres y ni\u00f1os"},"content":{"rendered":"<p style=\"text-align: justify;\">Bolivia implementar\u00e1 un programa de dos a\u00f1os para el fortalecimiento de los mecanismos de financiamiento, a nivel nacional, departamental y municipal, para prevenir, atender y sancionar la violencia contra la ni\u00f1ez y las mujeres, a trav\u00e9s de una alianza entre el Sistema de las Naciones Unidas (ONU) y el Gobierno boliviano, en el marco del cumplimiento de los Objetivos de Desarrollo Sostenible (ODS).<\/p>\n<p style=\"text-align: justify;\">\u201cBuscamos trabajar de forma coordinada para generar productos que nos ayuden a orientar a los gobiernos y la sociedad civil para atender y prevenir la violencia contra ni\u00f1os, ni\u00f1as y mujeres de forma prioritaria\u201d, afirm\u00f3 la Coordinadora Residente de la ONU en Bolivia, Susana Sottoli.<\/p>\n<p style=\"text-align: justify;\">El programa trabajar\u00e1 con recursos del Fondo Conjunto para la Financiaci\u00f3n de los ODS, mecanismo creado por las Naciones Unidas para apoyar pol\u00edticas integrales que permitan cumplirlos hasta el 2030.<\/p>\n<p style=\"text-align: justify;\">Por su parte, la viceministra de Igualdad de Oportunidades, Miriam Huacani, se\u00f1al\u00f3 que el programa permitir\u00e1 fortalecer las capacidades del Estado boliviano para combatir el flagelo de la violencia contra las mujeres y la ni\u00f1ez, en todas sus formas.<\/p>\n<p style=\"text-align: justify;\">La representante de ONU Mujeres, Nidya Pes\u00e1ntez remarc\u00f3 que Bolivia enfrenta varios desaf\u00edos para erradicar la violencia contra las mujeres. Adem\u00e1s de las desigualdades econ\u00f3micas y laborales, dos factores aparecen en el horizonte como agravantes de la situaci\u00f3n: la tolerancia y la normalizaci\u00f3n de la violencia como parte de las relaciones laborales y familiares que enfrentan las mujeres.<\/p>\n<p style=\"text-align: justify;\">\n","protected":false},"excerpt":{"rendered":"<p>Bolivia implementar\u00e1 un programa de dos a\u00f1os para el fortalecimiento de los mecanismos de financiamiento, a nivel nacional, departamental y municipal, para prevenir, atender y sancionar la violencia contra la ni\u00f1ez y las mujeres, a trav\u00e9s de una alianza entre el Sistema de las Naciones Unidas (ONU) y el Gobierno boliviano, en el marco del [&hellip;]<\/p>\n","protected":false},"author":4,"featured_media":4168,"comment_status":"open","ping_status":"open","sticky":false,"template":"","format":"standard","meta":{"footnotes":""},"categories":[20],"tags":[],"class_list":{"0":"post-4167","1":"post","2":"type-post","3":"status-publish","4":"format-standard","5":"has-post-thumbnail","7":"category-actualidad"},"_links":{"self":[{"href":"https:\/\/jms.com.bo\/mediamonitor\/wp-json\/wp\/v2\/posts\/4167","targetHints":{"allow":["GET"]}}],"collection":[{"href":"https:\/\/jms.com.bo\/mediamonitor\/wp-json\/wp\/v2\/posts"}],"about":[{"href":"https:\/\/jms.com.bo\/mediamonitor\/wp-json\/wp\/v2\/types\/post"}],"author":[{"embeddable":true,"href":"https:\/\/jms.com.bo\/mediamonitor\/wp-json\/wp\/v2\/users\/4"}],"replies":[{"embeddable":true,"href":"https:\/\/jms.com.bo\/mediamonitor\/wp-json\/wp\/v2\/comments?post=4167"}],"version-history":[{"count":1,"href":"https:\/\/jms.com.bo\/mediamonitor\/wp-json\/wp\/v2\/posts\/4167\/revisions"}],"predecessor-version":[{"id":4169,"href":"https:\/\/jms.com.bo\/mediamonitor\/wp-json\/wp\/v2\/posts\/4167\/revisions\/4169"}],"wp:featuredmedia":[{"embeddable":true,"href":"https:\/\/jms.com.bo\/mediamonitor\/wp-json\/wp\/v2\/media\/4168"}],"wp:attachment":[{"href":"https:\/\/jms.com.bo\/mediamonitor\/wp-json\/wp\/v2\/media?parent=4167"}],"wp:term":[{"taxonomy":"category","embeddable":true,"href":"https:\/\/jms.com.bo\/mediamonitor\/wp-json\/wp\/v2\/categories?post=4167"},{"taxonomy":"post_tag","embeddable":true,"href":"https:\/\/jms.com.bo\/mediamonitor\/wp-json\/wp\/v2\/tags?post=4167"}],"curies":[{"name":"wp","href":"https:\/\/api.w.org\/{rel}","templated":true}]}}