{"id":41702,"date":"2023-01-12T06:36:56","date_gmt":"2023-01-12T10:36:56","guid":{"rendered":"https:\/\/jms.com.bo\/mediamonitor\/2023\/01\/12\/identifican-en-ataques-a-marchistas-a-funcionarios-y-guerreros-del-mas\/"},"modified":"2023-01-12T06:36:56","modified_gmt":"2023-01-12T10:36:56","slug":"identifican-en-ataques-a-marchistas-a-funcionarios-y-guerreros-del-mas","status":"publish","type":"post","link":"https:\/\/jms.com.bo\/mediamonitor\/2023\/01\/12\/identifican-en-ataques-a-marchistas-a-funcionarios-y-guerreros-del-mas\/","title":{"rendered":"Identifican en ataques a marchistas a funcionarios y \u201cguerreros\u201d del MAS"},"content":{"rendered":"<p style=\"text-align: justify;\">Funcionarios del Gobierno y los denominados \u201cguerreros azules\u201d fueron parte de las contramarchas realizadas el martes en la ciudad de La Paz. Fuentes, que prefirieron mantener su nombre en reserva, indicaron que a ese tipo de movilizaciones asisten \u201ccon acciones planificadas\u201d.<\/p>\n<p style=\"text-align: justify;\">Seg\u00fan informaci\u00f3n brindada a P\u00e1gina Siete servidores p\u00fablicos del Ministerio de Gobierno, Ministerio de Obras P\u00fablicas, de la Agencia Nacional de Hidrocarburos (ANH) y de Yacimientos Petrol\u00edferos Fiscales Bolivianos (YPFB) se movilizaron en grupos de choque.<\/p>\n<p style=\"text-align: justify;\">Dos fuentes coincidieron en que desde el Ministerio de la Presidencia les indicaron que salgan a engrosar las contramarchas, pero que \u201cno era obligatorio\u201d.<\/p>\n<p style=\"text-align: justify;\">\u201cDesde Presidencia hubo instructivo, quien quer\u00eda iba, no era obligatorio\u201d, detall\u00f3 una de las fuentes.<\/p>\n<p style=\"text-align: justify;\">El tema cobra vigencia debido a que el martes se realizaron movilizaciones en contra del Gobierno, por la represi\u00f3n a las movilizaciones cruce\u00f1as, tras la detenci\u00f3n del gobernador Fernando Camacho. Las manifestaciones se realizaron en las nueve ciudades capitales del pa\u00eds. No obstante, grupos de choque en La Paz agredieron a manifestantes y a periodistas.<\/p>\n<p style=\"text-align: justify;\">En im\u00e1genes difundidas en medios se ve a los afines al Ejecutivo tomar la plaza Abaroa, para no permitir protestas. En la zona sur, los grupos de choque atacaron a los manifestantes, incluso, en los registros de video, se ve que hicieron detonar petardos en direcci\u00f3n al cuerpo de quienes marchaban en contra del Gobierno.<\/p>\n<p style=\"text-align: justify;\">Una tercera fuente detall\u00f3 que \u201cun grupo de choque\u201d fue organizado por funcionarios del Ministerio de Gobierno, presidido por Eduardo Del Castillo, quien tambi\u00e9n es miembro del grupo \u201cColumna Sur\u201d.<\/p>\n<p style=\"text-align: justify;\">Eduardo Lohnhoff Bruno, funcionario de Migraci\u00f3n, dependiente del ministerio de Gobierno, fue uno de los identificados en las contramarchas. \u201cAyer (martes) se pudo contrarrestar de concentraci\u00f3n del fascismo (&#8230;). Dicen por ah\u00ed: \u2018hay que dejar a la gente manifestase, movilizarse\u2019. No, no hay que dejar al fascismo manifestarse (Sic)\u201d, dijo Lohnhoff, en su cuenta de Facebook, en una transmisi\u00f3n en la que, adem\u00e1s, calific\u00f3 de \u201cpandilleros\u201d y consumidores de coca\u00edna a quienes se movilizaron en la zona sur.<\/p>\n<p style=\"text-align: justify;\">Una cuarta fuente dio a conocer que otro grupo fue conformado por funcionarios del Ministerio de Obras P\u00fablicas, titulado por Edgar Monta\u00f1o, con los denominados \u201cguerreros azules\u201d. Se\u00f1al\u00f3 que tambi\u00e9n se movilizaron funcionarios de la ANH y de YPFB.<\/p>\n<p style=\"text-align: justify;\">Neilss Quinteros, funcionario de la ANH, fue identificado entre los movilizados. Quinteros no neg\u00f3 su participaci\u00f3n en las contramarchas, pero afirm\u00f3 que no hizo da\u00f1o a los manifestantes.<\/p>\n<p style=\"text-align: justify;\">\u201cYo no ataqu\u00e9 a nadie, mucho menos con artefactos explosivos. Si alguien muestra alg\u00fan video o alguna fotograf\u00eda donde yo est\u00e9 agrediendo a alguien, o con un petardo, inmediatamente me someto a la justicia, por eso hasta la fotograf\u00eda est\u00e1 cortada, ya que no portaba en mis manos nada y estaba caminado con normalidad\u201d, expres\u00f3 en sus redes sociales.<\/p>\n<p style=\"text-align: justify;\">La periodista Cecilia Lanza, quien hizo la cobertura en la contramarcha de afines al MAS, relat\u00f3 que se notaba que estaban organizados. Agreg\u00f3 que pudo reconocer el acento argentino en dos personas que eran parte de un grupo.<\/p>\n<p style=\"text-align: justify;\">\u201cHe escuchado acento argentino, por lo menos de dos de ellos. Me comentan que han reconocido a una de las chicas, que es de este grupo pol\u00edtico Columna Sur, adem\u00e1s mandaban a trotar como hacen en su formaci\u00f3n, incluso con gritos medio milicianos\u201d, detall\u00f3.<\/p>\n<p style=\"text-align: justify;\">Lanza describi\u00f3 que hab\u00eda personas que estaban a la cabeza, una segunda l\u00ednea, el grupo grande, y dos personas que iban atr\u00e1s, para dar instrucciones.<\/p>\n<p style=\"text-align: justify;\">\u201cEl que ten\u00eda acento argentino era el que les dec\u00eda: \u2018compa\u00f1eros avancen, ya llegaron a la ocho, ya llegaron, hay que apoyar\u2019. Estaban organizados\u201d, complement\u00f3.<\/p>\n<p style=\"text-align: justify;\">El exdiputado Am\u00edlcar Barral se\u00f1al\u00f3 que pudo ver dos grupos de choque del Gobierno para \u201cemboscar a las personas\u201d. El primero, que iba desde la calle 23 de Calacoto; y el segundo, que estaba en la 9 de Calacoto.<\/p>\n<p style=\"text-align: justify;\">\u201cEra evidente que hubo una instrucci\u00f3n del Gobierno, los conocemos a los que estaban en las marchas, son gente incluso activa en las redes. Estaban ah\u00ed los guerreros azules de Monta\u00f1o, no fueron a hacer una contramarcha, sino directamente fueron a agredir\u201d, asever\u00f3 el exparlamentario.<\/p>\n<p style=\"text-align: justify;\">Barral expres\u00f3 su preocupaci\u00f3n porque vio que \u201cfuncionarios p\u00fablicos hac\u00edan uso de petardos grandes\u201d en contra de ciudadanos. Calific\u00f3 de \u201cacciones delincuenciales\u201d los ataques de los grupos de choque en contra de los manifestantes.<\/p>\n<p style=\"text-align: justify;\">2<br \/>\nFUNCIONARIOS<br \/>\nreconocieron su participaci\u00f3n en la contramarcha movilizados en ciudad de La Paz.<\/p>\n","protected":false},"excerpt":{"rendered":"<p>Funcionarios del Gobierno y los denominados \u201cguerreros azules\u201d fueron parte de las contramarchas realizadas el martes en la ciudad de La Paz. Fuentes, que prefirieron mantener su nombre en reserva, indicaron que a ese tipo de movilizaciones asisten \u201ccon acciones planificadas\u201d. Seg\u00fan informaci\u00f3n brindada a P\u00e1gina Siete servidores p\u00fablicos del Ministerio de Gobierno, Ministerio de [&hellip;]<\/p>\n","protected":false},"author":4,"featured_media":41703,"comment_status":"open","ping_status":"open","sticky":false,"template":"","format":"standard","meta":{"footnotes":""},"categories":[49],"tags":[],"class_list":{"0":"post-41702","1":"post","2":"type-post","3":"status-publish","4":"format-standard","5":"has-post-thumbnail","7":"category-social"},"_links":{"self":[{"href":"https:\/\/jms.com.bo\/mediamonitor\/wp-json\/wp\/v2\/posts\/41702","targetHints":{"allow":["GET"]}}],"collection":[{"href":"https:\/\/jms.com.bo\/mediamonitor\/wp-json\/wp\/v2\/posts"}],"about":[{"href":"https:\/\/jms.com.bo\/mediamonitor\/wp-json\/wp\/v2\/types\/post"}],"author":[{"embeddable":true,"href":"https:\/\/jms.com.bo\/mediamonitor\/wp-json\/wp\/v2\/users\/4"}],"replies":[{"embeddable":true,"href":"https:\/\/jms.com.bo\/mediamonitor\/wp-json\/wp\/v2\/comments?post=41702"}],"version-history":[{"count":0,"href":"https:\/\/jms.com.bo\/mediamonitor\/wp-json\/wp\/v2\/posts\/41702\/revisions"}],"wp:featuredmedia":[{"embeddable":true,"href":"https:\/\/jms.com.bo\/mediamonitor\/wp-json\/wp\/v2\/media\/41703"}],"wp:attachment":[{"href":"https:\/\/jms.com.bo\/mediamonitor\/wp-json\/wp\/v2\/media?parent=41702"}],"wp:term":[{"taxonomy":"category","embeddable":true,"href":"https:\/\/jms.com.bo\/mediamonitor\/wp-json\/wp\/v2\/categories?post=41702"},{"taxonomy":"post_tag","embeddable":true,"href":"https:\/\/jms.com.bo\/mediamonitor\/wp-json\/wp\/v2\/tags?post=41702"}],"curies":[{"name":"wp","href":"https:\/\/api.w.org\/{rel}","templated":true}]}}