{"id":41704,"date":"2023-01-12T06:38:16","date_gmt":"2023-01-12T10:38:16","guid":{"rendered":"https:\/\/jms.com.bo\/mediamonitor\/2023\/01\/12\/pailon-mantiene-bloqueo-a-pesar-del-amague-de-enfrentamiento-en-la-manana\/"},"modified":"2023-01-12T06:38:16","modified_gmt":"2023-01-12T10:38:16","slug":"pailon-mantiene-bloqueo-a-pesar-del-amague-de-enfrentamiento-en-la-manana","status":"publish","type":"post","link":"https:\/\/jms.com.bo\/mediamonitor\/2023\/01\/12\/pailon-mantiene-bloqueo-a-pesar-del-amague-de-enfrentamiento-en-la-manana\/","title":{"rendered":"Pail\u00f3n mantiene bloqueo a pesar del amague de enfrentamiento en la ma\u00f1ana"},"content":{"rendered":"<p style=\"text-align: justify;\">El bloqueo en Pail\u00f3n se mantiene, despu\u00e9s de algunos altercados registrados la ma\u00f1ana de este mi\u00e9rcoles entre quienes est\u00e1n a favor y en contra de la medida de presi\u00f3n. El corte de la ruta Bioce\u00e1nica se instal\u00f3 en cumplimiento de las resoluciones emanadas por la Asamblea de la Cruce\u00f1idad y forma parte de las acciones para exigir la libertad del gobernador Luis Fernando Camacho, detenido preventivamente en la c\u00e1rcel de Chonchocoro.<\/p>\n<p style=\"text-align: justify;\">La jornada fue tensa. La dirigencia del Control Social y la Federaci\u00f3n de Juntas Vecinales enviaron un voto resolutivo remarcando el plazo de 24 horas para que se levante el bloqueo.<\/p>\n<p style=\"text-align: justify;\">En torno a las 11:00, lleg\u00f3 hasta el punto de bloqueo una marcha de quienes piden el fin de la medida. Medio centenar de metros distanciaban a ambos grupos.<\/p>\n<p style=\"text-align: justify;\">Einar Ortu\u00f1o, oficial de la Polic\u00eda, intervino como mediador para un acercamiento entre los dirigentes del Control Social, asamble\u00edstas de la provincia Chiquitos y otros.<\/p>\n<p style=\"text-align: justify;\">Con la intermediaci\u00f3n de la polic\u00eda, se acord\u00f3 una propuesta que se entreg\u00f3 a los dirigentes de control social. \u00c9stos, pidieron tiempo para analizar la misma antes de pronunciarse.<\/p>\n<p style=\"text-align: justify;\">Entre tanto, el corte de la ruta se mantiene.<\/p>\n","protected":false},"excerpt":{"rendered":"<p>El bloqueo en Pail\u00f3n se mantiene, despu\u00e9s de algunos altercados registrados la ma\u00f1ana de este mi\u00e9rcoles entre quienes est\u00e1n a favor y en contra de la medida de presi\u00f3n. El corte de la ruta Bioce\u00e1nica se instal\u00f3 en cumplimiento de las resoluciones emanadas por la Asamblea de la Cruce\u00f1idad y forma parte de las acciones [&hellip;]<\/p>\n","protected":false},"author":4,"featured_media":41705,"comment_status":"open","ping_status":"open","sticky":false,"template":"","format":"standard","meta":{"footnotes":""},"categories":[49],"tags":[],"class_list":{"0":"post-41704","1":"post","2":"type-post","3":"status-publish","4":"format-standard","5":"has-post-thumbnail","7":"category-social"},"_links":{"self":[{"href":"https:\/\/jms.com.bo\/mediamonitor\/wp-json\/wp\/v2\/posts\/41704","targetHints":{"allow":["GET"]}}],"collection":[{"href":"https:\/\/jms.com.bo\/mediamonitor\/wp-json\/wp\/v2\/posts"}],"about":[{"href":"https:\/\/jms.com.bo\/mediamonitor\/wp-json\/wp\/v2\/types\/post"}],"author":[{"embeddable":true,"href":"https:\/\/jms.com.bo\/mediamonitor\/wp-json\/wp\/v2\/users\/4"}],"replies":[{"embeddable":true,"href":"https:\/\/jms.com.bo\/mediamonitor\/wp-json\/wp\/v2\/comments?post=41704"}],"version-history":[{"count":0,"href":"https:\/\/jms.com.bo\/mediamonitor\/wp-json\/wp\/v2\/posts\/41704\/revisions"}],"wp:featuredmedia":[{"embeddable":true,"href":"https:\/\/jms.com.bo\/mediamonitor\/wp-json\/wp\/v2\/media\/41705"}],"wp:attachment":[{"href":"https:\/\/jms.com.bo\/mediamonitor\/wp-json\/wp\/v2\/media?parent=41704"}],"wp:term":[{"taxonomy":"category","embeddable":true,"href":"https:\/\/jms.com.bo\/mediamonitor\/wp-json\/wp\/v2\/categories?post=41704"},{"taxonomy":"post_tag","embeddable":true,"href":"https:\/\/jms.com.bo\/mediamonitor\/wp-json\/wp\/v2\/tags?post=41704"}],"curies":[{"name":"wp","href":"https:\/\/api.w.org\/{rel}","templated":true}]}}