{"id":41708,"date":"2023-01-12T06:41:45","date_gmt":"2023-01-12T10:41:45","guid":{"rendered":"https:\/\/jms.com.bo\/mediamonitor\/2023\/01\/12\/unos-56-mil-maestros-se-capacitaran-para-implementar-nueva-curricula\/"},"modified":"2023-01-12T06:41:45","modified_gmt":"2023-01-12T10:41:45","slug":"unos-56-mil-maestros-se-capacitaran-para-implementar-nueva-curricula","status":"publish","type":"post","link":"https:\/\/jms.com.bo\/mediamonitor\/2023\/01\/12\/unos-56-mil-maestros-se-capacitaran-para-implementar-nueva-curricula\/","title":{"rendered":"Unos 56 mil maestros se capacitar\u00e1n para implementar nueva curr\u00edcula"},"content":{"rendered":"<p style=\"text-align: justify;\">El director de la Direcci\u00f3n de Educaci\u00f3n de La Paz, Carmelo L\u00f3pez, se\u00f1al\u00f3 que las capacitaciones para la nueva curr\u00edcula se realizar\u00e1n por fases, en primera instancia iniciar\u00e1n este jueves con la preparaci\u00f3n de directores distritales, d\u00edas despu\u00e9s con directores de unidades educativas y posteriormente, con maestros.<\/p>\n<p style=\"text-align: justify;\">\u201cA partir del d\u00eda de ma\u00f1ana (por hoy jueves) se inician estas capacitaciones con los directores distritales y luego a la siguiente semana, jueves y viernes, con nuestros directores de unidades educativas y a partir del 24 al 31 con todos los maestros del departamento\u201d, detall\u00f3.<\/p>\n<p style=\"text-align: justify;\">La autoridad se\u00f1al\u00f3 que, en total, se capacitar\u00e1n a unos 56.000 maestros en La Paz en relaci\u00f3n a la nueva curr\u00edcula y la implementaci\u00f3n de los nuevos contenidos.<\/p>\n<p style=\"text-align: justify;\">\u201cNo son materias, son las mismas \u00e1reas de conocimiento, est\u00e1n entrando otros nuevos contenidos de acuerdo al tiempo y espacio\u201d, explic\u00f3 y dijo que la capacitaci\u00f3n ser\u00e1 durante toda la gesti\u00f3n.<\/p>\n<p style=\"text-align: justify;\">L\u00f3pez, durante la reuni\u00f3n de planificaci\u00f3n a nivel departamental a trav\u00e9s de la Direcci\u00f3n de Educaci\u00f3n de La Paz con los nuevos directores para el desarrollo de cuatro pilares en cuanto a la educaci\u00f3n para este 2023.<\/p>\n<p style=\"text-align: justify;\">\u201cTendremos cuatro puntos fundamentales que trabajar de acuerdo con la Resoluci\u00f3n Ministerial 001\/2023: el idioma extranjero, desde el inicial y primaria, (\u2026) el uso de la tecnolog\u00eda para maestros y maestras, la lectura comprensiva en el que se dar\u00e1n textos de cabecera y (\u2026) lo relacionado con la alimentaci\u00f3n, consume lo nuestro, para el cuidado de la madre tierra\u201d, detall\u00f3.<\/p>\n<p style=\"text-align: justify;\">INSCRIPCIONES Y REQUISITOS<\/p>\n<p style=\"text-align: justify;\">La autoridad sostuvo que se instruy\u00f3 iniciar las inscripciones este 16 d enero y hasta el 18, para estudiantes nuevos de nivel inicial y de primero de primaria, en caso excepcional, pero que cumplan sus 6 a\u00f1os hasta el 30 de junio.<\/p>\n<p style=\"text-align: justify;\">Para la primera secci\u00f3n en educaci\u00f3n inicial record\u00f3 que el estudiante debe tener cuatro a\u00f1os cumplidos hasta el 30 de junio y para k\u00ednder, cinco cumplidos hasta la misma fecha.<\/p>\n<p style=\"text-align: justify;\">En caso necesario, presentar la libreta electr\u00f3nica y fotocopias simples del carnet de identidad del estudiante y del padre, madre de familia o tutor que anotar\u00e1 al escolar.<\/p>\n<p style=\"text-align: justify;\">Adem\u00e1s, para los nuevos, es requisito presentar la tarjeta de vacuna \u201cnormal\u201d, adem\u00e1s de los documentos de identidad anteriormente se\u00f1alados.<\/p>\n<p style=\"text-align: justify;\">Sin embargo, \u201csi no hay la tarjeta de vacuna, tampoco es un impedimento para no inscribir al estudiante, es nuestra responsabilidad, los directores de unidades educativas con los responsables de cada curso, coordinar con los del centro de salud m\u00e1s cercanos y, en el transcurso del primer mes, deben de completar las vacunas correspondientes\u201d, explic\u00f3.<\/p>\n","protected":false},"excerpt":{"rendered":"<p>El director de la Direcci\u00f3n de Educaci\u00f3n de La Paz, Carmelo L\u00f3pez, se\u00f1al\u00f3 que las capacitaciones para la nueva curr\u00edcula se realizar\u00e1n por fases, en primera instancia iniciar\u00e1n este jueves con la preparaci\u00f3n de directores distritales, d\u00edas despu\u00e9s con directores de unidades educativas y posteriormente, con maestros. \u201cA partir del d\u00eda de ma\u00f1ana (por hoy [&hellip;]<\/p>\n","protected":false},"author":4,"featured_media":41709,"comment_status":"open","ping_status":"open","sticky":false,"template":"","format":"standard","meta":{"footnotes":""},"categories":[20],"tags":[],"class_list":{"0":"post-41708","1":"post","2":"type-post","3":"status-publish","4":"format-standard","5":"has-post-thumbnail","7":"category-actualidad"},"_links":{"self":[{"href":"https:\/\/jms.com.bo\/mediamonitor\/wp-json\/wp\/v2\/posts\/41708","targetHints":{"allow":["GET"]}}],"collection":[{"href":"https:\/\/jms.com.bo\/mediamonitor\/wp-json\/wp\/v2\/posts"}],"about":[{"href":"https:\/\/jms.com.bo\/mediamonitor\/wp-json\/wp\/v2\/types\/post"}],"author":[{"embeddable":true,"href":"https:\/\/jms.com.bo\/mediamonitor\/wp-json\/wp\/v2\/users\/4"}],"replies":[{"embeddable":true,"href":"https:\/\/jms.com.bo\/mediamonitor\/wp-json\/wp\/v2\/comments?post=41708"}],"version-history":[{"count":0,"href":"https:\/\/jms.com.bo\/mediamonitor\/wp-json\/wp\/v2\/posts\/41708\/revisions"}],"wp:featuredmedia":[{"embeddable":true,"href":"https:\/\/jms.com.bo\/mediamonitor\/wp-json\/wp\/v2\/media\/41709"}],"wp:attachment":[{"href":"https:\/\/jms.com.bo\/mediamonitor\/wp-json\/wp\/v2\/media?parent=41708"}],"wp:term":[{"taxonomy":"category","embeddable":true,"href":"https:\/\/jms.com.bo\/mediamonitor\/wp-json\/wp\/v2\/categories?post=41708"},{"taxonomy":"post_tag","embeddable":true,"href":"https:\/\/jms.com.bo\/mediamonitor\/wp-json\/wp\/v2\/tags?post=41708"}],"curies":[{"name":"wp","href":"https:\/\/api.w.org\/{rel}","templated":true}]}}