{"id":41712,"date":"2023-01-12T06:44:51","date_gmt":"2023-01-12T10:44:51","guid":{"rendered":"https:\/\/jms.com.bo\/mediamonitor\/2023\/01\/12\/camacho-democracia-y-justicia-encienden-alarmas-en-ue-estados-unidos-y-hrw\/"},"modified":"2023-01-12T06:44:51","modified_gmt":"2023-01-12T10:44:51","slug":"camacho-democracia-y-justicia-encienden-alarmas-en-ue-estados-unidos-y-hrw","status":"publish","type":"post","link":"https:\/\/jms.com.bo\/mediamonitor\/2023\/01\/12\/camacho-democracia-y-justicia-encienden-alarmas-en-ue-estados-unidos-y-hrw\/","title":{"rendered":"Camacho, democracia y justicia encienden alarmas en UE, Estados Unidos y HRW"},"content":{"rendered":"<p style=\"text-align: justify;\">La reciente detenci\u00f3n del gobernador de Santa Cruz Luis Fernando Camacho, la situaci\u00f3n de la democracia y del sistema judicial de Bolivia encendieron las alarmas en la Uni\u00f3n Europea (UE), Estados Unidos (EEUU) y Human Rights Watch (HRW) en las \u00faltimas horas.<\/p>\n<p style=\"text-align: justify;\">La UE, a trav\u00e9s de un portavoz, pidi\u00f3 evitar la violencia en Bolivia. El representante manifest\u00f3 que esperan que se respete el debido proceso en la demanda que hay en contra del gobernador Camacho.<\/p>\n<p style=\"text-align: justify;\">\u201cSe debe evitar cualquier paso o acci\u00f3n que pueda conducir a una escalada o violencia. Como hemos indicado en el pasado, esperamos que el Estado de Derecho y el debido proceso se respeten en los procedimientos judiciales en curso o futuros\u201d, declar\u00f3 un portavoz de la UE en declaraciones a Europa Press.<\/p>\n<p style=\"text-align: justify;\">Camacho fue aprehendido en Santa Cruz, en una operaci\u00f3n violenta, el 28 de diciembre de 2022, y luego fue trasladado a La Paz, donde un juez dispuso su detenci\u00f3n preventiva en el penal de Chonchocoro. Es procesado por el caso \u201cGolpe I\u201d.<\/p>\n<p style=\"text-align: justify;\">Anoche, la Canciller\u00eda emiti\u00f3 un comunicado en el que se\u00f1al\u00f3 que \u201cno existe una declaraci\u00f3n formal (de la UE) respecto a ese tema\u201d. En el pronunciamiento del Ministerio de Relaciones Exteriores se agreg\u00f3 que Bolivia y la UE \u201cmantienen una s\u00f3lida relaci\u00f3n bilateral basada en los principios de respeto mutuo y no injerencia en asuntos internos\u201d.<\/p>\n<p style=\"text-align: justify;\">Por otro lado, ayer se conoci\u00f3 un pronunciamiento de senadores de EEUU, dem\u00f3cratas y republicanos, en el que se refieren al \u201ccontinuo retroceso democr\u00e1tico en Bolivia\u201d. En ese documento, se\u00f1alan que el presidente Luis Arce se enfrenta a una prueba de liderazgo democr\u00e1tico.<\/p>\n<p style=\"text-align: justify;\">\u201cEl presidente boliviano Luis Arce se enfrenta a una prueba cr\u00edtica de liderazgo democr\u00e1tico, ya sea para resolver peque\u00f1as vendettas pol\u00edticas en nombre de su predecesor o hacer avanzar a su naci\u00f3n en la comunidad de democracias latinoamericanas\u201d, se lee en el documento, que est\u00e1 suscrito por los senadores Dick Durbin, Bob Menendez, Bill Cassidy, Ben Cardin, Tim Kaine y Jim Risch.<\/p>\n<p style=\"text-align: justify;\">En ese pronunciamiento aseguran que el \u201cencarcelamiento absurdo\u201d de opositores pol\u00edticos representa una peligrosa muestra de autoritarismo y erosiona a\u00fan m\u00e1s la ya baja confianza que muchos bolivianos y la comunidad internacional tienen en el sistema de justicia del pa\u00eds.<\/p>\n<p style=\"text-align: justify;\">\u201cBolivia no puede ser una democracia si sus l\u00edderes opositores compiten en las elecciones tras las rejas. Y ponerse regularmente del lado de la agresi\u00f3n militar rusa en las votaciones en las Naciones Unidas s\u00f3lo empa\u00f1a a\u00fan m\u00e1s la credibilidad democr\u00e1tica de Bolivia\u201d, manifestaron.<\/p>\n<p style=\"text-align: justify;\">HRW, tambi\u00e9n en su reciente informe sobre derechos humanos en Bolivia, sostuvo que Arce fracas\u00f3 en adoptar medidas para reformar la justicia, pese a que despu\u00e9s de ganar los comicios de 2020 se\u00f1al\u00f3 que el sistema judicial deber\u00eda ser independiente.<\/p>\n<p style=\"text-align: justify;\">\u201cTras ganar las elecciones presidenciales en octubre de 2020, el presidente Arce se\u00f1al\u00f3 que el sistema de justicia deb\u00eda ser independiente de la pol\u00edtica, pero su gobierno ha fracasado en adoptar medidas concretas para reformarlo\u201d, se\u00f1ala el informe que se hizo p\u00fablico anoche.<\/p>\n<p style=\"text-align: justify;\">En ese documento, HRW sostiene que el sistema de justicia de Bolivia sufri\u00f3 \u201clos efectos de la interferencia pol\u00edtica\u201d durante los gobiernos de los entonces presidentes Evo Morales (de enero de 2006 a noviembre de 2019) y Jeanine A\u00f1ez (de noviembre de 2019 a noviembre de 2020), y que el presidente Arce no impuls\u00f3 una reforma judicial.<\/p>\n<p style=\"text-align: justify;\">\u201cEl presidente Luis Arce, que asumi\u00f3 el cargo en noviembre de 2020, no ha impulsado una reforma de la justicia\u201d, se lee en el reporte sobre el pa\u00eds.<\/p>\n<p style=\"text-align: justify;\">En ese informe tambi\u00e9n se se\u00f1ala que el presidente Arce respalda \u201cacusaciones infundadas y desproporcionadas\u201d de terrorismo y genocidio contra A\u00f1ez, y que en 2022 la exmandataria fue condenada a 10 a\u00f1os de prisi\u00f3n en un juicio al que no le permitieron asistir en persona.<\/p>\n<p style=\"text-align: justify;\">\u201cEl gobierno de Arce apoya acusaciones infundadas y desproporcionadas de terrorismo y genocidio contra la expresidenta A\u00f1ez. En junio de 2022, la justicia la conden\u00f3 a 10 a\u00f1os de prisi\u00f3n por los delitos de incumplimiento de deberes y resoluciones contrarias a la Constituci\u00f3n y a las leyes, definidos de forma muy amplia en Bolivia. Las autoridades no le permitieron a A\u00f1ez asistir a su juicio en persona\u201d, se lee en el documento.<\/p>\n<p style=\"text-align: justify;\">En su reporte, HRW subraya que nadie fue juzgado por las 37 v\u00edctimas de 2019.<\/p>\n<p style=\"text-align: justify;\">6<br \/>\nSENADORES<br \/>\nde EEUU emitieron un pronunciamiento sobre el \u201cretroceso democr\u00e1tico\u201d.<br \/>\nCC ve alza de violencia en contra de los periodistas<\/p>\n<p style=\"text-align: justify;\">El expresidente y l\u00edder de la alianza pol\u00edtica Comunidad Ciudadana (CC), Carlos Mesa, advierte que paulatinamente aumenta la violencia directa ejercitada por grupos afines al Movimiento Al Socialismo (MAS) contra los periodistas.<\/p>\n<p style=\"text-align: justify;\">\u201cAdvertimos el peligroso incremento de la violencia directa, hostigamiento y discurso de odio contra los periodistas en Bolivia, propiciado por grupos de choque del MAS\u201d, poste\u00f3 en su cuenta en Twitter.<\/p>\n<p style=\"text-align: justify;\">Asimismo, sostuvo que \u201csilenciar a la prensa independiente es la estrategia de dictadores para imponer reg\u00edmenes de miedo e impunidad\u201d.<\/p>\n<p style=\"text-align: justify;\">Durante los \u00faltimos meses de 2022 y estos primeros d\u00edas de 2023, se evidenci\u00f3 una violencia excesiva y brutal de parte de manifestantes y efectivos policiales en distintos departamentos del pa\u00eds, quienes arremetieron contra reporteros y camar\u00f3grafos que cumpl\u00edan con su labor de informar.<\/p>\n","protected":false},"excerpt":{"rendered":"<p>La reciente detenci\u00f3n del gobernador de Santa Cruz Luis Fernando Camacho, la situaci\u00f3n de la democracia y del sistema judicial de Bolivia encendieron las alarmas en la Uni\u00f3n Europea (UE), Estados Unidos (EEUU) y Human Rights Watch (HRW) en las \u00faltimas horas. La UE, a trav\u00e9s de un portavoz, pidi\u00f3 evitar la violencia en Bolivia. [&hellip;]<\/p>\n","protected":false},"author":4,"featured_media":41713,"comment_status":"open","ping_status":"open","sticky":false,"template":"","format":"standard","meta":{"footnotes":""},"categories":[18],"tags":[],"class_list":{"0":"post-41712","1":"post","2":"type-post","3":"status-publish","4":"format-standard","5":"has-post-thumbnail","7":"category-politica"},"_links":{"self":[{"href":"https:\/\/jms.com.bo\/mediamonitor\/wp-json\/wp\/v2\/posts\/41712","targetHints":{"allow":["GET"]}}],"collection":[{"href":"https:\/\/jms.com.bo\/mediamonitor\/wp-json\/wp\/v2\/posts"}],"about":[{"href":"https:\/\/jms.com.bo\/mediamonitor\/wp-json\/wp\/v2\/types\/post"}],"author":[{"embeddable":true,"href":"https:\/\/jms.com.bo\/mediamonitor\/wp-json\/wp\/v2\/users\/4"}],"replies":[{"embeddable":true,"href":"https:\/\/jms.com.bo\/mediamonitor\/wp-json\/wp\/v2\/comments?post=41712"}],"version-history":[{"count":0,"href":"https:\/\/jms.com.bo\/mediamonitor\/wp-json\/wp\/v2\/posts\/41712\/revisions"}],"wp:featuredmedia":[{"embeddable":true,"href":"https:\/\/jms.com.bo\/mediamonitor\/wp-json\/wp\/v2\/media\/41713"}],"wp:attachment":[{"href":"https:\/\/jms.com.bo\/mediamonitor\/wp-json\/wp\/v2\/media?parent=41712"}],"wp:term":[{"taxonomy":"category","embeddable":true,"href":"https:\/\/jms.com.bo\/mediamonitor\/wp-json\/wp\/v2\/categories?post=41712"},{"taxonomy":"post_tag","embeddable":true,"href":"https:\/\/jms.com.bo\/mediamonitor\/wp-json\/wp\/v2\/tags?post=41712"}],"curies":[{"name":"wp","href":"https:\/\/api.w.org\/{rel}","templated":true}]}}