{"id":41714,"date":"2023-01-12T06:46:23","date_gmt":"2023-01-12T10:46:23","guid":{"rendered":"https:\/\/jms.com.bo\/mediamonitor\/2023\/01\/12\/comunidad-internacional-observa-retrocesos-democraticos-en-bolivia\/"},"modified":"2023-01-12T06:46:23","modified_gmt":"2023-01-12T10:46:23","slug":"comunidad-internacional-observa-retrocesos-democraticos-en-bolivia","status":"publish","type":"post","link":"https:\/\/jms.com.bo\/mediamonitor\/2023\/01\/12\/comunidad-internacional-observa-retrocesos-democraticos-en-bolivia\/","title":{"rendered":"Comunidad internacional observa retrocesos democr\u00e1ticos en Bolivia"},"content":{"rendered":"<p style=\"text-align: justify;\">Congresistas de Estados Unidos consideran como retrocesos democr\u00e1ticos las detenci\u00f3n del gobernador Luis Fernando Camacho y de la expresidenta Jeanine A\u00f1ez, afirmando que este tipo de procedimientos es una peligrosa muestra de autoritarismo.<\/p>\n<p style=\"text-align: justify;\">A trav\u00e9s de un documento, congresistas de los Estados Unidos manifiestan su preocupaci\u00f3n por la situaci\u00f3n que atraviesa Bolivia.<\/p>\n<p style=\"text-align: justify;\">\u201cEl presidente boliviano Luis Arce se enfrenta a una cr\u00edtica prueba de liderazgo democr\u00e1tico: si resolver mezquinas venganzas pol\u00edticas en nombre de su predecesor o hacer avanzar a su naci\u00f3n hacia la comunidad de democracias latinoamericanas\u201d, se\u00f1ala la primera parte del documento.<\/p>\n<p style=\"text-align: justify;\">Los parlamentarios norteamericanos consideran que existe un continuo retroceso democr\u00e1tico en Bolivia en los \u00faltimos a\u00f1os y hacen menci\u00f3n a las detenciones de A\u00f1ez y Camacho.<\/p>\n<p style=\"text-align: justify;\">\u201cEl encarcelar absurdamente a opositores pol\u00edticos representa una peligrosa muestra de autoritarismo y erosiona a\u00fan m\u00e1s la ya escasa confianza que muchos bolivianos y la comunidad internacional tienen en el sistema judicial del pa\u00eds\u201d, reza otra parte del documento.<\/p>\n<p style=\"text-align: justify;\">\u201cBolivia no puede ser una democracia si los l\u00edderes de la oposici\u00f3n compiten en las elecciones desde detr\u00e1s de las rejas. Y ponerse regularmente del lado de la agresi\u00f3n militar rusa en votaciones en las Naciones Unidas no hace sino empa\u00f1ar a\u00fan m\u00e1s la credibilidad democr\u00e1tica de Bolivia\u201d, finaliza.<\/p>\n<p style=\"text-align: justify;\">Comunicado de congresistas de Estados Unidos sobre la situaci\u00f3n en Bolivia<\/p>\n<p style=\"text-align: justify;\">De igual manera, la Uni\u00f3n Europea tambi\u00e9n se ha manifestado sobre las detenciones de los opositores al partido del gobierno del MAS.<\/p>\n<p style=\"text-align: justify;\">Un portavoz de la UE ha explicado a Europa Press que la diplomacia comunitaria y los veintisiete pa\u00edses que componen el espacio com\u00fan siguen de cerca la situaci\u00f3n del gobernador de Santa Cruz y uno de los principales opositores al Movimiento al Socialismo fundado por Morales y al que pertenece el actual presidente, Luis Arce.<\/p>\n<p style=\"text-align: justify;\">\u00abSe debe evitar cualquier paso o acci\u00f3n que pueda conducir a una escalada de violencia. Como hemos indicado en el pasado, esperamos que el Estado de Derecho y el debido proceso se respeten en los procedimientos judiciales en curso o futuros\u00bb, afirm\u00f3 el portavoz.<\/p>\n<p style=\"text-align: justify;\">Al respecto, desde la Canciller\u00eda emitieron un comunicado, en el que indican que \u00abante las versiones de algunos medios de prensa en relaci\u00f3n a un pronunciamiento de un supuesto portavoz de la Uni\u00f3n Europea sobre el proceso judicial conocido como \u00abGolpe de Estado I\u00bb, el Ministerio de Relaciones Exteriores comunica a la opini\u00f3n p\u00fablica que no existe una declaraci\u00f3n formal respecto a ese tema de esa entidad. El Estado Plurinacional de Bolivia y la Uni\u00f3n Europea mantienen una s\u00f3lida relaci\u00f3n bilateral basada en los principios de respeto mutuo y no injerencia en asuntos internos\u00bb.<\/p>\n<p style=\"text-align: justify;\">La informaci\u00f3n procede de un portal de noticias europeo y se produce dos d\u00edas despu\u00e9s de que el grupo popular en el Parlamento Europeo demandara al plenario una posici\u00f3n respecto a los sucesos ocurridos en el pa\u00eds.<\/p>\n","protected":false},"excerpt":{"rendered":"<p>Congresistas de Estados Unidos consideran como retrocesos democr\u00e1ticos las detenci\u00f3n del gobernador Luis Fernando Camacho y de la expresidenta Jeanine A\u00f1ez, afirmando que este tipo de procedimientos es una peligrosa muestra de autoritarismo. A trav\u00e9s de un documento, congresistas de los Estados Unidos manifiestan su preocupaci\u00f3n por la situaci\u00f3n que atraviesa Bolivia. \u201cEl presidente boliviano [&hellip;]<\/p>\n","protected":false},"author":4,"featured_media":41715,"comment_status":"open","ping_status":"open","sticky":false,"template":"","format":"standard","meta":{"footnotes":""},"categories":[18],"tags":[],"class_list":{"0":"post-41714","1":"post","2":"type-post","3":"status-publish","4":"format-standard","5":"has-post-thumbnail","7":"category-politica"},"_links":{"self":[{"href":"https:\/\/jms.com.bo\/mediamonitor\/wp-json\/wp\/v2\/posts\/41714","targetHints":{"allow":["GET"]}}],"collection":[{"href":"https:\/\/jms.com.bo\/mediamonitor\/wp-json\/wp\/v2\/posts"}],"about":[{"href":"https:\/\/jms.com.bo\/mediamonitor\/wp-json\/wp\/v2\/types\/post"}],"author":[{"embeddable":true,"href":"https:\/\/jms.com.bo\/mediamonitor\/wp-json\/wp\/v2\/users\/4"}],"replies":[{"embeddable":true,"href":"https:\/\/jms.com.bo\/mediamonitor\/wp-json\/wp\/v2\/comments?post=41714"}],"version-history":[{"count":0,"href":"https:\/\/jms.com.bo\/mediamonitor\/wp-json\/wp\/v2\/posts\/41714\/revisions"}],"wp:featuredmedia":[{"embeddable":true,"href":"https:\/\/jms.com.bo\/mediamonitor\/wp-json\/wp\/v2\/media\/41715"}],"wp:attachment":[{"href":"https:\/\/jms.com.bo\/mediamonitor\/wp-json\/wp\/v2\/media?parent=41714"}],"wp:term":[{"taxonomy":"category","embeddable":true,"href":"https:\/\/jms.com.bo\/mediamonitor\/wp-json\/wp\/v2\/categories?post=41714"},{"taxonomy":"post_tag","embeddable":true,"href":"https:\/\/jms.com.bo\/mediamonitor\/wp-json\/wp\/v2\/tags?post=41714"}],"curies":[{"name":"wp","href":"https:\/\/api.w.org\/{rel}","templated":true}]}}