{"id":41719,"date":"2023-01-12T06:49:56","date_gmt":"2023-01-12T10:49:56","guid":{"rendered":"https:\/\/jms.com.bo\/mediamonitor\/2023\/01\/12\/bolivia-cierra-2022-con-us-933-millones-menos-en-sus-reservas-de-divisas\/"},"modified":"2023-01-12T06:49:56","modified_gmt":"2023-01-12T10:49:56","slug":"bolivia-cierra-2022-con-us-933-millones-menos-en-sus-reservas-de-divisas","status":"publish","type":"post","link":"https:\/\/jms.com.bo\/mediamonitor\/2023\/01\/12\/bolivia-cierra-2022-con-us-933-millones-menos-en-sus-reservas-de-divisas\/","title":{"rendered":"Bolivia cierra 2022 con $us 933 millones menos en sus reservas de divisas"},"content":{"rendered":"<p style=\"text-align: justify;\">Bolivia termin\u00f3 la gesti\u00f3n 2022 con $us 709 millones en las divisas de las reservas Internacionales Netas (RIN) del pa\u00eds, 939 millones menos que lo acumulado a diciembre de 2021 ($us 1.648 millones), seg\u00fan reportes del Banco Central (BCB).\u200b<\/p>\n<p style=\"text-align: justify;\">El monto total (oro, divisas y derechos especiales de giro) descendi\u00f3 as\u00ed de $us 4.752 millones a 3.796 millones, registrando una disminuci\u00f3n de $us 956 millones en estos recursos que son necesarios para el pago de importaciones y deuda externa, como respaldo de la moneda nacional y como garant\u00eda de los cr\u00e9ditos internacionales que busca obtener el Estado boliviano.<\/p>\n<p style=\"text-align: justify;\">El Gobierno ten\u00eda proyectado sumar en 2022 unos $us 450 millones a las reservas del pa\u00eds, de acuerdo con el Programa Fiscal Financiero de esa gesti\u00f3n.<\/p>\n<p style=\"text-align: justify;\">Al 4 de enero de este a\u00f1o, el 65,9% de las RIN est\u00e1n en oro, el 19,5% en divisas, el 13,7% en derechos especiales de giro (DEG) y el 0,9% en recursos de posici\u00f3n con el Fondo Monetario Internacional.<\/p>\n<p style=\"text-align: justify;\">Seg\u00fan analistas, pese al contexto externo favorable y al mayor ingreso de divisas a trav\u00e9s de las exportaciones, las reservas no pueden subir debido al pago de la deuda externa, a la fuerte presi\u00f3n que significa la mayor compra de combustibles en el mercado internacional, a las restricciones que impiden una mayor expansi\u00f3n del comercio exterior nacional y a la econom\u00eda informal.<\/p>\n","protected":false},"excerpt":{"rendered":"<p>Bolivia termin\u00f3 la gesti\u00f3n 2022 con $us 709 millones en las divisas de las reservas Internacionales Netas (RIN) del pa\u00eds, 939 millones menos que lo acumulado a diciembre de 2021 ($us 1.648 millones), seg\u00fan reportes del Banco Central (BCB).\u200b El monto total (oro, divisas y derechos especiales de giro) descendi\u00f3 as\u00ed de $us 4.752 millones [&hellip;]<\/p>\n","protected":false},"author":4,"featured_media":41720,"comment_status":"open","ping_status":"open","sticky":false,"template":"","format":"standard","meta":{"footnotes":""},"categories":[25],"tags":[],"class_list":{"0":"post-41719","1":"post","2":"type-post","3":"status-publish","4":"format-standard","5":"has-post-thumbnail","7":"category-economia"},"_links":{"self":[{"href":"https:\/\/jms.com.bo\/mediamonitor\/wp-json\/wp\/v2\/posts\/41719","targetHints":{"allow":["GET"]}}],"collection":[{"href":"https:\/\/jms.com.bo\/mediamonitor\/wp-json\/wp\/v2\/posts"}],"about":[{"href":"https:\/\/jms.com.bo\/mediamonitor\/wp-json\/wp\/v2\/types\/post"}],"author":[{"embeddable":true,"href":"https:\/\/jms.com.bo\/mediamonitor\/wp-json\/wp\/v2\/users\/4"}],"replies":[{"embeddable":true,"href":"https:\/\/jms.com.bo\/mediamonitor\/wp-json\/wp\/v2\/comments?post=41719"}],"version-history":[{"count":0,"href":"https:\/\/jms.com.bo\/mediamonitor\/wp-json\/wp\/v2\/posts\/41719\/revisions"}],"wp:featuredmedia":[{"embeddable":true,"href":"https:\/\/jms.com.bo\/mediamonitor\/wp-json\/wp\/v2\/media\/41720"}],"wp:attachment":[{"href":"https:\/\/jms.com.bo\/mediamonitor\/wp-json\/wp\/v2\/media?parent=41719"}],"wp:term":[{"taxonomy":"category","embeddable":true,"href":"https:\/\/jms.com.bo\/mediamonitor\/wp-json\/wp\/v2\/categories?post=41719"},{"taxonomy":"post_tag","embeddable":true,"href":"https:\/\/jms.com.bo\/mediamonitor\/wp-json\/wp\/v2\/tags?post=41719"}],"curies":[{"name":"wp","href":"https:\/\/api.w.org\/{rel}","templated":true}]}}