{"id":41721,"date":"2023-01-12T06:51:21","date_gmt":"2023-01-12T10:51:21","guid":{"rendered":"https:\/\/jms.com.bo\/mediamonitor\/2023\/01\/12\/las-perdidas-economicas-en-obras-publicas-ascienden-a-mas-de-bs-56-millones-por-bloqueo-cruceno\/"},"modified":"2023-01-12T06:51:21","modified_gmt":"2023-01-12T10:51:21","slug":"las-perdidas-economicas-en-obras-publicas-ascienden-a-mas-de-bs-56-millones-por-bloqueo-cruceno","status":"publish","type":"post","link":"https:\/\/jms.com.bo\/mediamonitor\/2023\/01\/12\/las-perdidas-economicas-en-obras-publicas-ascienden-a-mas-de-bs-56-millones-por-bloqueo-cruceno\/","title":{"rendered":"Las p\u00e9rdidas econ\u00f3micas en Obras P\u00fablicas ascienden a m\u00e1s de Bs 56 millones por bloqueo cruce\u00f1o"},"content":{"rendered":"<p style=\"text-align: justify;\">Los bloqueos en Santa Cruz, alentados por el Comit\u00e9 pro Santa Cruz en demanda de la liberaci\u00f3n del gobernador Luis Fernando Camacho, generaron hasta el 28 de diciembre p\u00e9rdidas por m\u00e1s de Bs 56 millones en el ministerio de Obras P\u00fablicas y Servicios.<\/p>\n<p style=\"text-align: justify;\">El titular de esa cartera, \u00c9dgar Monta\u00f1o, dijo este mi\u00e9rcoles que existen cuatro bloqueos en el departamento, lo que les ha generado hasta diciembre una p\u00e9rdida de Bs 56.426 millones.<\/p>\n<p style=\"text-align: justify;\">Las p\u00e9rdidas econ\u00f3micas se registran en la Terminal Bimodal, V\u00edas Bolivia, Naabol (Navegaci\u00f3n A\u00e9rea y Aeropuertos Bolivianos).<\/p>\n<p style=\"text-align: justify;\">Adem\u00e1s en la ABC (Administradora Boliviana de Carreteras) y BoA (Boliviana de Aviaci\u00f3n).<\/p>\n<p style=\"text-align: justify;\">Durante la primera semana de conflictos en Santa Cruz, tras la detenci\u00f3n de Camacho, grupos violentos tomaron y quemaron varios rehenes evitando el pago de peajes.<\/p>\n<p style=\"text-align: justify;\">Seg\u00fan autoridades de V\u00edas Bolivia, se destrozaron m\u00e1s de 10 retenes en el departamento cruce\u00f1o.<\/p>\n<p style=\"text-align: justify;\">El director ejecutivo de V\u00edas Bolivia, Emilio Zurita, dijo que la p\u00e9rdida por estos hechos supera los Bs 7 millones.<\/p>\n<p style=\"text-align: justify;\">Adem\u00e1s, los destrozos, robos y paralizaci\u00f3n de las operaciones en el aeropuerto internacional de Viru Viru y en el de El Trompillo ocasionaron una p\u00e9rdida de m\u00e1s de Bs 342.647, seg\u00fan Naabol.<\/p>\n<p style=\"text-align: justify;\">Se suman las p\u00e9rdidas por la paralizaci\u00f3n de los viajes terrestres a varias regiones del departamento e incluso interdepartamentales productos de los bloqueos.<\/p>\n<p style=\"text-align: justify;\">Contra Calvo<\/p>\n<p style=\"text-align: justify;\">Monta\u00f1o tambi\u00e9n record\u00f3 las cr\u00edticas del presidente del Comit\u00e9 pro Santa Cruz, R\u00f3mulo Calvo hacia los masistas que imped\u00edan la salida e ingreso de alimentos a Santa Cruz en 2022 y ahora hace lo mismo.<\/p>\n<p style=\"text-align: justify;\">\u201cNos acusaban a los masistas de no permitir la salida e ingreso de alimentos a Santa Cruz, pero hemos escuchado al se\u00f1or Calvo decir que desde Santa Cruz no va a salir alimento\u201d, dijo.<\/p>\n<p style=\"text-align: justify;\">Sin embargo, afirm\u00f3 que estas convocatorias tienen poca respuesta y violan la libre circulaci\u00f3n, el derecho a la alimentaci\u00f3n y el desarrollo normal del trabajo.<\/p>\n<p style=\"text-align: justify;\">\u201cLa poblaci\u00f3n cruce\u00f1a es menos tolerante a los abusos del Comit\u00e9 C\u00edvico, Cu\u00e9llar y Reineiro. En algunos sectores est\u00e1n exigiendo que les dejen circular\u201d, acot\u00f3.<\/p>\n<p style=\"text-align: justify;\">Conflicto en Per\u00fa<\/p>\n<p style=\"text-align: justify;\">Monta\u00f1o se refiri\u00f3, adem\u00e1s, al conflicto de los transportistas en la frontera con el Per\u00fa, donde se vive una crisis tras la destituci\u00f3n del expresidente Pedro Castillo.<\/p>\n<p style=\"text-align: justify;\">\u201cYa hemos instruido al viceministro de transporte que tome las acciones correspondientes para que puedan llevar vituallas, aguas y otros enseres\u201d, dijo.<\/p>\n","protected":false},"excerpt":{"rendered":"<p>Los bloqueos en Santa Cruz, alentados por el Comit\u00e9 pro Santa Cruz en demanda de la liberaci\u00f3n del gobernador Luis Fernando Camacho, generaron hasta el 28 de diciembre p\u00e9rdidas por m\u00e1s de Bs 56 millones en el ministerio de Obras P\u00fablicas y Servicios. El titular de esa cartera, \u00c9dgar Monta\u00f1o, dijo este mi\u00e9rcoles que existen [&hellip;]<\/p>\n","protected":false},"author":4,"featured_media":41722,"comment_status":"open","ping_status":"open","sticky":false,"template":"","format":"standard","meta":{"footnotes":""},"categories":[25],"tags":[],"class_list":{"0":"post-41721","1":"post","2":"type-post","3":"status-publish","4":"format-standard","5":"has-post-thumbnail","7":"category-economia"},"_links":{"self":[{"href":"https:\/\/jms.com.bo\/mediamonitor\/wp-json\/wp\/v2\/posts\/41721","targetHints":{"allow":["GET"]}}],"collection":[{"href":"https:\/\/jms.com.bo\/mediamonitor\/wp-json\/wp\/v2\/posts"}],"about":[{"href":"https:\/\/jms.com.bo\/mediamonitor\/wp-json\/wp\/v2\/types\/post"}],"author":[{"embeddable":true,"href":"https:\/\/jms.com.bo\/mediamonitor\/wp-json\/wp\/v2\/users\/4"}],"replies":[{"embeddable":true,"href":"https:\/\/jms.com.bo\/mediamonitor\/wp-json\/wp\/v2\/comments?post=41721"}],"version-history":[{"count":0,"href":"https:\/\/jms.com.bo\/mediamonitor\/wp-json\/wp\/v2\/posts\/41721\/revisions"}],"wp:featuredmedia":[{"embeddable":true,"href":"https:\/\/jms.com.bo\/mediamonitor\/wp-json\/wp\/v2\/media\/41722"}],"wp:attachment":[{"href":"https:\/\/jms.com.bo\/mediamonitor\/wp-json\/wp\/v2\/media?parent=41721"}],"wp:term":[{"taxonomy":"category","embeddable":true,"href":"https:\/\/jms.com.bo\/mediamonitor\/wp-json\/wp\/v2\/categories?post=41721"},{"taxonomy":"post_tag","embeddable":true,"href":"https:\/\/jms.com.bo\/mediamonitor\/wp-json\/wp\/v2\/tags?post=41721"}],"curies":[{"name":"wp","href":"https:\/\/api.w.org\/{rel}","templated":true}]}}