{"id":4179,"date":"2021-03-19T05:00:16","date_gmt":"2021-03-19T09:00:16","guid":{"rendered":"http:\/\/jms.com.bo\/mediamonitor\/?p=4179"},"modified":"2021-03-19T05:39:37","modified_gmt":"2021-03-19T09:39:37","slug":"regimen-penitenciario-dice-que-anez-no-realiza-una-huelga-de-hambre","status":"publish","type":"post","link":"https:\/\/jms.com.bo\/mediamonitor\/2021\/03\/19\/regimen-penitenciario-dice-que-anez-no-realiza-una-huelga-de-hambre\/","title":{"rendered":"R\u00e9gimen Penitenciario dice que A\u00f1ez no realiza una huelga de hambre"},"content":{"rendered":"<p>La Direcci\u00f3n General de R\u00e9gimen Penitenciario, mediante un comunicado, se\u00f1al\u00f3 que la expresidenta Jeanine A\u00f1ez, quien est\u00e1 recluida en la c\u00e1rcel de Obrajes, no realiza una huelga de hambre. Seg\u00fan la instituci\u00f3n el estado de la salud de la exmandataria es estable.<\/p>\n<p>\u201cSe desmiente categ\u00f3ricamente anuncios promovidos por algunos medios de comunicaci\u00f3n, en los que se asegura que la exsenadora estar\u00eda realizando una huelga de hambre\u201d, detalla el documento.<\/p>\n<p>R\u00e9gimen Penitenciario tambi\u00e9n indic\u00f3 que mediante la Ley Ejecuci\u00f3n Penal y Supervisiones, la instituci\u00f3n debe velar por la seguridad e integridad f\u00edsica y salud de los privados de libertad.<\/p>\n<p>Hoy, la presidente de la Asamblea Permanente de Derechos Humanos de Bolivia (APDHB), Amparo Carvajal, dio a conocer que la exmandataria decidi\u00f3 ingresar en una huelga de hambre. \u201cYa no quiere luchar por la vida y eso es muy grave\u201d, afirm\u00f3.<\/p>\n","protected":false},"excerpt":{"rendered":"<p>La Direcci\u00f3n General de R\u00e9gimen Penitenciario, mediante un comunicado, se\u00f1al\u00f3 que la expresidenta Jeanine A\u00f1ez, quien est\u00e1 recluida en la c\u00e1rcel de Obrajes, no realiza una huelga de hambre. Seg\u00fan la instituci\u00f3n el estado de la salud de la exmandataria es estable. \u201cSe desmiente categ\u00f3ricamente anuncios promovidos por algunos medios de comunicaci\u00f3n, en los que [&hellip;]<\/p>\n","protected":false},"author":4,"featured_media":4180,"comment_status":"open","ping_status":"open","sticky":false,"template":"","format":"standard","meta":{"footnotes":""},"categories":[18],"tags":[],"class_list":{"0":"post-4179","1":"post","2":"type-post","3":"status-publish","4":"format-standard","5":"has-post-thumbnail","7":"category-politica"},"_links":{"self":[{"href":"https:\/\/jms.com.bo\/mediamonitor\/wp-json\/wp\/v2\/posts\/4179","targetHints":{"allow":["GET"]}}],"collection":[{"href":"https:\/\/jms.com.bo\/mediamonitor\/wp-json\/wp\/v2\/posts"}],"about":[{"href":"https:\/\/jms.com.bo\/mediamonitor\/wp-json\/wp\/v2\/types\/post"}],"author":[{"embeddable":true,"href":"https:\/\/jms.com.bo\/mediamonitor\/wp-json\/wp\/v2\/users\/4"}],"replies":[{"embeddable":true,"href":"https:\/\/jms.com.bo\/mediamonitor\/wp-json\/wp\/v2\/comments?post=4179"}],"version-history":[{"count":1,"href":"https:\/\/jms.com.bo\/mediamonitor\/wp-json\/wp\/v2\/posts\/4179\/revisions"}],"predecessor-version":[{"id":4181,"href":"https:\/\/jms.com.bo\/mediamonitor\/wp-json\/wp\/v2\/posts\/4179\/revisions\/4181"}],"wp:featuredmedia":[{"embeddable":true,"href":"https:\/\/jms.com.bo\/mediamonitor\/wp-json\/wp\/v2\/media\/4180"}],"wp:attachment":[{"href":"https:\/\/jms.com.bo\/mediamonitor\/wp-json\/wp\/v2\/media?parent=4179"}],"wp:term":[{"taxonomy":"category","embeddable":true,"href":"https:\/\/jms.com.bo\/mediamonitor\/wp-json\/wp\/v2\/categories?post=4179"},{"taxonomy":"post_tag","embeddable":true,"href":"https:\/\/jms.com.bo\/mediamonitor\/wp-json\/wp\/v2\/tags?post=4179"}],"curies":[{"name":"wp","href":"https:\/\/api.w.org\/{rel}","templated":true}]}}