{"id":41794,"date":"2023-01-13T06:09:59","date_gmt":"2023-01-13T10:09:59","guid":{"rendered":"https:\/\/jms.com.bo\/mediamonitor\/2023\/01\/13\/sedes-de-tarija-confirma-casos-sospechosos-de-leishmaniasis\/"},"modified":"2023-01-13T06:09:59","modified_gmt":"2023-01-13T10:09:59","slug":"sedes-de-tarija-confirma-casos-sospechosos-de-leishmaniasis","status":"publish","type":"post","link":"https:\/\/jms.com.bo\/mediamonitor\/2023\/01\/13\/sedes-de-tarija-confirma-casos-sospechosos-de-leishmaniasis\/","title":{"rendered":"Sedes de Tarija confirma casos sospechosos de Leishmaniasis"},"content":{"rendered":"<p style=\"text-align: justify;\">El jefe de vigilancia Epidemiol\u00f3gica del Servicio Departamental de Salud, Marcelo Magne ha informado que el Sedes est\u00e1 recibiendo pacientes con sospechas de leishmaniasis y otras patolog\u00edas, pero espera que los casos de estas patolog\u00edas transmitidas por vectores se incrementen a partir desde la otra semana.<\/p>\n<p style=\"text-align: justify;\">\u00abEn el Sedes estamos recibiendo pacientes con sospechas de diferentes patolog\u00edas, pacientes con sospecha de leishmaniasis de otro departamento y de otras provincias, por el momento no hay un gran incremento de casos de este tipo de patolog\u00edas\u00bb.<\/p>\n<p style=\"text-align: justify;\">Asimismo ha indicado que por la temporada se espera que incrementen los casos de zika, chikungunya y leishmaniasis, tambi\u00e9n se ha confirmado un caso de dengue en Villa Montes.<\/p>\n<p style=\"text-align: justify;\">Cabe recordar que en la gesti\u00f3n pasada ya se presentaron varios casos de Leishmaniasis en Tarija, esto despu\u00e9s de a\u00f1os en los que no hab\u00eda la enfermedad, pero la misma viene siendo tratada efectivamente.<\/p>\n","protected":false},"excerpt":{"rendered":"<p>El jefe de vigilancia Epidemiol\u00f3gica del Servicio Departamental de Salud, Marcelo Magne ha informado que el Sedes est\u00e1 recibiendo pacientes con sospechas de leishmaniasis y otras patolog\u00edas, pero espera que los casos de estas patolog\u00edas transmitidas por vectores se incrementen a partir desde la otra semana. \u00abEn el Sedes estamos recibiendo pacientes con sospechas de [&hellip;]<\/p>\n","protected":false},"author":4,"featured_media":41795,"comment_status":"open","ping_status":"open","sticky":false,"template":"","format":"standard","meta":{"footnotes":""},"categories":[53],"tags":[],"class_list":{"0":"post-41794","1":"post","2":"type-post","3":"status-publish","4":"format-standard","5":"has-post-thumbnail","7":"category-salud"},"_links":{"self":[{"href":"https:\/\/jms.com.bo\/mediamonitor\/wp-json\/wp\/v2\/posts\/41794","targetHints":{"allow":["GET"]}}],"collection":[{"href":"https:\/\/jms.com.bo\/mediamonitor\/wp-json\/wp\/v2\/posts"}],"about":[{"href":"https:\/\/jms.com.bo\/mediamonitor\/wp-json\/wp\/v2\/types\/post"}],"author":[{"embeddable":true,"href":"https:\/\/jms.com.bo\/mediamonitor\/wp-json\/wp\/v2\/users\/4"}],"replies":[{"embeddable":true,"href":"https:\/\/jms.com.bo\/mediamonitor\/wp-json\/wp\/v2\/comments?post=41794"}],"version-history":[{"count":0,"href":"https:\/\/jms.com.bo\/mediamonitor\/wp-json\/wp\/v2\/posts\/41794\/revisions"}],"wp:featuredmedia":[{"embeddable":true,"href":"https:\/\/jms.com.bo\/mediamonitor\/wp-json\/wp\/v2\/media\/41795"}],"wp:attachment":[{"href":"https:\/\/jms.com.bo\/mediamonitor\/wp-json\/wp\/v2\/media?parent=41794"}],"wp:term":[{"taxonomy":"category","embeddable":true,"href":"https:\/\/jms.com.bo\/mediamonitor\/wp-json\/wp\/v2\/categories?post=41794"},{"taxonomy":"post_tag","embeddable":true,"href":"https:\/\/jms.com.bo\/mediamonitor\/wp-json\/wp\/v2\/tags?post=41794"}],"curies":[{"name":"wp","href":"https:\/\/api.w.org\/{rel}","templated":true}]}}