{"id":41796,"date":"2023-01-13T06:11:25","date_gmt":"2023-01-13T10:11:25","guid":{"rendered":"https:\/\/jms.com.bo\/mediamonitor\/2023\/01\/13\/santa-cruz-reporta-un-brote-de-dengue-se-investiga-un-posible-deceso-por-esta-enfermedad\/"},"modified":"2023-01-13T06:11:25","modified_gmt":"2023-01-13T10:11:25","slug":"santa-cruz-reporta-un-brote-de-dengue-se-investiga-un-posible-deceso-por-esta-enfermedad","status":"publish","type":"post","link":"https:\/\/jms.com.bo\/mediamonitor\/2023\/01\/13\/santa-cruz-reporta-un-brote-de-dengue-se-investiga-un-posible-deceso-por-esta-enfermedad\/","title":{"rendered":"Santa Cruz reporta un \u2018brote\u2019 de dengue, se investiga un posible deceso por esta enfermedad"},"content":{"rendered":"<p style=\"text-align: justify;\">En medio del incremento de las lluvias, la Gobernaci\u00f3n de Santa Cruz report\u00f3 un \u201cbrote\u201d de dengue. La enfermedad se propag\u00f3 ya en 11 municipios del departamento y en San Carlos, una persona que dio positivo a esta enfermedad falleci\u00f3, empero, se investiga la causa espec\u00edfica del deceso.<\/p>\n<p style=\"text-align: justify;\">\u201cCon respecto al brote de dengue que venimos presenciando en el departamento, el reporte nos indica que actualmente la curva epidemiol\u00f3gica se encuentra en ascenso, pero dentro de control dentro del departamento de Santa Cruz. Hay un \u00edndice de positividad del 11% y Santa Cruz de la Sierra, en el \u00e1rea urbana, concentra el 70% de los casos registrados\u201d, inform\u00f3 el coordinador de Redes Urbanas del Servicio Departamental de Salud (Sedes), Jorge Quiroz.<\/p>\n<p style=\"text-align: justify;\">Explic\u00f3 que al momento en 11 municipios se reportaron casos positivos de dengue. En la capital cruce\u00f1a existen 158 positivos hasta este jueves. En San Carlos muri\u00f3 una persona que ten\u00eda esta enfermedad, sin embargo, se empez\u00f3 una investigaci\u00f3n al respecto.<\/p>\n<p style=\"text-align: justify;\">\u201cQueremos aclarar que efectivamente existe un \u00f3bito en San Carlos de una persona que s\u00ed ten\u00eda dengue, pero tenemos conocimiento que ten\u00eda patolog\u00edas de base. Es as\u00ed de que el Comit\u00e9 Cient\u00edfico a pedido la ficha epidemiol\u00f3gica e historial cl\u00ednico. Con esto vamos a esperar para dar una informaci\u00f3n confiable de si el dengue fue la causa del \u00f3bito\u201d.<\/p>\n<p style=\"text-align: justify;\">DENGUE<\/p>\n<p style=\"text-align: justify;\">A la poblaci\u00f3n se le recomend\u00f3 tomar los cuidados necesarios. Revisar si en casa hay ambiente para que se generen criaderos de los mosquitos, usualmente afectos a estar en aguas estancadas. Adem\u00e1s, el Sedes reforz\u00f3 las medidas contra esta enfermedad.<\/p>\n<p style=\"text-align: justify;\">\u201cEstamos intensificando la vigilancia epidemiol\u00f3gica activa contra la enfermedad, las acciones de promoci\u00f3n, de prevenci\u00f3n, de educaci\u00f3n, destrucci\u00f3n de criaderos, fumigaci\u00f3n en zonas que presentan casos positivos y estamos garantizando el diagn\u00f3stico y tratamiento profundo contra esta enfermedad. Todas estas estrategias son las que nos van a llevar a controlar este brote de dengue\u201d.<\/p>\n","protected":false},"excerpt":{"rendered":"<p>En medio del incremento de las lluvias, la Gobernaci\u00f3n de Santa Cruz report\u00f3 un \u201cbrote\u201d de dengue. La enfermedad se propag\u00f3 ya en 11 municipios del departamento y en San Carlos, una persona que dio positivo a esta enfermedad falleci\u00f3, empero, se investiga la causa espec\u00edfica del deceso. \u201cCon respecto al brote de dengue que [&hellip;]<\/p>\n","protected":false},"author":4,"featured_media":41797,"comment_status":"open","ping_status":"open","sticky":false,"template":"","format":"standard","meta":{"footnotes":""},"categories":[53],"tags":[],"class_list":{"0":"post-41796","1":"post","2":"type-post","3":"status-publish","4":"format-standard","5":"has-post-thumbnail","7":"category-salud"},"_links":{"self":[{"href":"https:\/\/jms.com.bo\/mediamonitor\/wp-json\/wp\/v2\/posts\/41796","targetHints":{"allow":["GET"]}}],"collection":[{"href":"https:\/\/jms.com.bo\/mediamonitor\/wp-json\/wp\/v2\/posts"}],"about":[{"href":"https:\/\/jms.com.bo\/mediamonitor\/wp-json\/wp\/v2\/types\/post"}],"author":[{"embeddable":true,"href":"https:\/\/jms.com.bo\/mediamonitor\/wp-json\/wp\/v2\/users\/4"}],"replies":[{"embeddable":true,"href":"https:\/\/jms.com.bo\/mediamonitor\/wp-json\/wp\/v2\/comments?post=41796"}],"version-history":[{"count":0,"href":"https:\/\/jms.com.bo\/mediamonitor\/wp-json\/wp\/v2\/posts\/41796\/revisions"}],"wp:featuredmedia":[{"embeddable":true,"href":"https:\/\/jms.com.bo\/mediamonitor\/wp-json\/wp\/v2\/media\/41797"}],"wp:attachment":[{"href":"https:\/\/jms.com.bo\/mediamonitor\/wp-json\/wp\/v2\/media?parent=41796"}],"wp:term":[{"taxonomy":"category","embeddable":true,"href":"https:\/\/jms.com.bo\/mediamonitor\/wp-json\/wp\/v2\/categories?post=41796"},{"taxonomy":"post_tag","embeddable":true,"href":"https:\/\/jms.com.bo\/mediamonitor\/wp-json\/wp\/v2\/tags?post=41796"}],"curies":[{"name":"wp","href":"https:\/\/api.w.org\/{rel}","templated":true}]}}