{"id":41802,"date":"2023-01-13T06:15:42","date_gmt":"2023-01-13T10:15:42","guid":{"rendered":"https:\/\/jms.com.bo\/mediamonitor\/2023\/01\/13\/mas-de-3-000-hectareas-de-cultivos-estan-bajo-el-agua-en-municipios-crucenos\/"},"modified":"2023-01-13T06:15:42","modified_gmt":"2023-01-13T10:15:42","slug":"mas-de-3-000-hectareas-de-cultivos-estan-bajo-el-agua-en-municipios-crucenos","status":"publish","type":"post","link":"https:\/\/jms.com.bo\/mediamonitor\/2023\/01\/13\/mas-de-3-000-hectareas-de-cultivos-estan-bajo-el-agua-en-municipios-crucenos\/","title":{"rendered":"M\u00e1s de 3.000 hect\u00e1reas de cultivos est\u00e1n bajo el agua en municipios cruce\u00f1os"},"content":{"rendered":"<p style=\"text-align: justify;\">Cuatro d\u00edas consecutivos de lluvia causaron estragos y el clima volvi\u00f3 a poner en apuros a los productores agr\u00edcolas. En los municipios cruce\u00f1os de San Juli\u00e1n, Cuatro Ca\u00f1adas y Okinawa m\u00e1s de 3.000 hect\u00e1reas sembradas son soya, ma\u00edz y arroz quedaron bajo el agua.<\/p>\n<p style=\"text-align: justify;\">Willy Calder\u00f3n, alcalde de San Juli\u00e1n, dijo que en ese municipio m\u00e1s de 3.000 hect\u00e1reas de sembrad\u00edos de soya y arroz est\u00e1n dos metros bajo el agua.<\/p>\n<p style=\"text-align: justify;\">La autoridad se\u00f1al\u00f3 que est\u00e1n afectadas al menos 14 comunidades. La zona Este de Santa Cruz destaca por la producci\u00f3n de granos y se encuentra en plena siembra, por lo que solicitar\u00e1n ayuda para los damnificados a trav\u00e9s de semillas y otros insumos.<\/p>\n<p style=\"text-align: justify;\">Calder\u00f3n agreg\u00f3 que tuvo reuniones con sus colegas de los otros municipios afectados por las riadas para coordinar acciones y pidi\u00f3 que las autoridades nacionales, departamentales y de otros municipios controlen que no se abran canales complementarios o alternativos sin autorizaci\u00f3n, ya que de esa manera es que se registran las inundaciones.<\/p>\n<p style=\"text-align: justify;\">Asimismo, adelant\u00f3 que se analizar una declaratoria de desastre de manera que los recursos lleguen pronto para atender a los damnificados.<\/p>\n<p style=\"text-align: justify;\">El alcalde de San Juli\u00e1n afirm\u00f3 que esperan la ayuda del Gobierno porque no cuentan con el presupuesto suficiente para atender la emergencia y convoc\u00f3 tambi\u00e9n a los productores y las empresas para que colaboren. \u201cHay mucho ganado que no va a tener pastura. Las \u00e1reas afectadas son cultivos y propiedades ganaderas\u201d, dijo.<\/p>\n<p style=\"text-align: justify;\">Desde Villa Para\u00edso indicaron que varias maquinarias quedaron bajo el agua, lo que ha perjudicado las labores en el campo.<\/p>\n<p style=\"text-align: justify;\">Juanito Alba, ejecutivo de Villa Para\u00edso, sostuvo que se desbord\u00f3 el r\u00edo San Juli\u00e1n y es una situaci\u00f3n que no han visto en los \u00faltimos 40 a\u00f1os. \u201cAlgunos productores perdieron toda su soya y ellos invierten entre $us 250 y 300 por hect\u00e1rea. Por eso, pedimos apoyo a las autoridades que nos han proporcionado maquinaria para trabajar, incluso hay animales que se deben rescatar\u201d, indic\u00f3.<\/p>\n<p style=\"text-align: justify;\">Alba demand\u00f3 la presencia de las autoridades de los otros municipios afectados porque se necesita un trabajo coordinado.<\/p>\n<p style=\"text-align: justify;\">Colapsaron los canales<\/p>\n<p style=\"text-align: justify;\">Ayer, en la tarde el ministro de Desarrollo Rural y Tierras, Remmy Gonzales, atendi\u00f3 la convocatoria de las autoridades de San Juli\u00e1n y realiz\u00f3 un sobrevuelo por las zonas afectadas. \u201cVemos que hay un problema climatol\u00f3gico. Se vive el fen\u00f3meno de La Ni\u00f1a y llueve por encima de 60 a 80 mil\u00edmetros y los canales construidos para distribuir el agua a otras zonas, colapsaron\u201d, explic\u00f3.<\/p>\n<p style=\"text-align: justify;\">Adem\u00e1s, sostuvo que algunos productores da\u00f1aron los canales naturales de desag\u00fce. Sobre las acciones que est\u00e1n desarrollando, mencion\u00f3 que llevar\u00e1n maquinaria porque tener terrenos inundados afecta la producci\u00f3n de alimentos.<\/p>\n<p style=\"text-align: justify;\">Gonz\u00e1les sostuvo que a futuro se precisan soluciones estructurales para no estar a expensas de los fen\u00f3menos climatol\u00f3gicos como la lluvia y la sequ\u00eda. \u201cPara ello se requiere implementar ingenier\u00eda hidr\u00e1ulica y en eso vamos trabajar\u201d, dijo la autoridad nacional.<\/p>\n","protected":false},"excerpt":{"rendered":"<p>Cuatro d\u00edas consecutivos de lluvia causaron estragos y el clima volvi\u00f3 a poner en apuros a los productores agr\u00edcolas. En los municipios cruce\u00f1os de San Juli\u00e1n, Cuatro Ca\u00f1adas y Okinawa m\u00e1s de 3.000 hect\u00e1reas sembradas son soya, ma\u00edz y arroz quedaron bajo el agua. Willy Calder\u00f3n, alcalde de San Juli\u00e1n, dijo que en ese municipio [&hellip;]<\/p>\n","protected":false},"author":4,"featured_media":41803,"comment_status":"open","ping_status":"open","sticky":false,"template":"","format":"standard","meta":{"footnotes":""},"categories":[52],"tags":[],"class_list":{"0":"post-41802","1":"post","2":"type-post","3":"status-publish","4":"format-standard","5":"has-post-thumbnail","7":"category-alimentos-agroindustria"},"_links":{"self":[{"href":"https:\/\/jms.com.bo\/mediamonitor\/wp-json\/wp\/v2\/posts\/41802","targetHints":{"allow":["GET"]}}],"collection":[{"href":"https:\/\/jms.com.bo\/mediamonitor\/wp-json\/wp\/v2\/posts"}],"about":[{"href":"https:\/\/jms.com.bo\/mediamonitor\/wp-json\/wp\/v2\/types\/post"}],"author":[{"embeddable":true,"href":"https:\/\/jms.com.bo\/mediamonitor\/wp-json\/wp\/v2\/users\/4"}],"replies":[{"embeddable":true,"href":"https:\/\/jms.com.bo\/mediamonitor\/wp-json\/wp\/v2\/comments?post=41802"}],"version-history":[{"count":0,"href":"https:\/\/jms.com.bo\/mediamonitor\/wp-json\/wp\/v2\/posts\/41802\/revisions"}],"wp:featuredmedia":[{"embeddable":true,"href":"https:\/\/jms.com.bo\/mediamonitor\/wp-json\/wp\/v2\/media\/41803"}],"wp:attachment":[{"href":"https:\/\/jms.com.bo\/mediamonitor\/wp-json\/wp\/v2\/media?parent=41802"}],"wp:term":[{"taxonomy":"category","embeddable":true,"href":"https:\/\/jms.com.bo\/mediamonitor\/wp-json\/wp\/v2\/categories?post=41802"},{"taxonomy":"post_tag","embeddable":true,"href":"https:\/\/jms.com.bo\/mediamonitor\/wp-json\/wp\/v2\/tags?post=41802"}],"curies":[{"name":"wp","href":"https:\/\/api.w.org\/{rel}","templated":true}]}}