{"id":41804,"date":"2023-01-13T06:17:00","date_gmt":"2023-01-13T10:17:00","guid":{"rendered":"https:\/\/jms.com.bo\/mediamonitor\/2023\/01\/13\/promociones-marcharan-este-viernes-por-la-libertad-y-contra-el-abuso-de-poder\/"},"modified":"2023-01-13T06:17:00","modified_gmt":"2023-01-13T10:17:00","slug":"promociones-marcharan-este-viernes-por-la-libertad-y-contra-el-abuso-de-poder","status":"publish","type":"post","link":"https:\/\/jms.com.bo\/mediamonitor\/2023\/01\/13\/promociones-marcharan-este-viernes-por-la-libertad-y-contra-el-abuso-de-poder\/","title":{"rendered":"Promociones marchar\u00e1n este viernes \u00abpor la libertad y contra el abuso de poder\u00bb"},"content":{"rendered":"<p style=\"text-align: justify;\">Este viernes 13, promociones y expromociones de colegios de Santa Cruz saldr\u00e1n a las calles a manifestarse \u201cpor la libertad y en contra del abuso de poder\u201d. Convocaron a los marchistas a las 18:00 en cuatro puntos de la ciudad, pero el objetivo es concentrarse en el Cristo Redentor.<\/p>\n<p style=\"text-align: justify;\">M\u00e1s de 140 colegios participar\u00e1n, de acuerdo con sus organizadores. Han dispuesto cuatro puntos de encuentro que recorrer\u00e1n la ciudad para unirse a los pies del Cristo Redentor. Los lugares de partida se ubican en el tercer anillo y Av. Cristo Redentor; la plaza 24 de Septiembre, Segundo Anillo y Av. Alemania, y Segundo Anillo y Av. La Salle.<\/p>\n<p style=\"text-align: justify;\">Personas de diferentes edades marchar\u00e1n junto a sus compa\u00f1eros de colegio, como lo hicieron en enero de 2018, cuando llenaron, no solo la plaza 24 de Septiembre, sino varias de las calles aleda\u00f1as del casco viejo cruce\u00f1o.<\/p>\n<p style=\"text-align: justify;\">\u201cMarchemos por la libertad. Demostremos que no es un pedido aislado ni (solo) algunos sectores o partido pol\u00edtico\u201d, se lee en la p\u00e1gina de Facebook de este movimiento.<\/p>\n<p style=\"text-align: justify;\">En ese sitio tambi\u00e9n pueden verse artes gr\u00e1ficos que indican algunos de los colegios que ya han confirmado su asistencia, como Brit\u00e1nico, La Salle, Marista, Uboldi, Franco, Josefina Goytia, Las Am\u00e9ricas y San Ignacio de Loyola.<\/p>\n<p style=\"text-align: justify;\">Se espera que una vez concentrados en el Cristo se leer\u00e1 un manifiesto.<\/p>\n","protected":false},"excerpt":{"rendered":"<p>Este viernes 13, promociones y expromociones de colegios de Santa Cruz saldr\u00e1n a las calles a manifestarse \u201cpor la libertad y en contra del abuso de poder\u201d. Convocaron a los marchistas a las 18:00 en cuatro puntos de la ciudad, pero el objetivo es concentrarse en el Cristo Redentor. M\u00e1s de 140 colegios participar\u00e1n, de [&hellip;]<\/p>\n","protected":false},"author":4,"featured_media":41805,"comment_status":"open","ping_status":"open","sticky":false,"template":"","format":"standard","meta":{"footnotes":""},"categories":[49],"tags":[],"class_list":{"0":"post-41804","1":"post","2":"type-post","3":"status-publish","4":"format-standard","5":"has-post-thumbnail","7":"category-social"},"_links":{"self":[{"href":"https:\/\/jms.com.bo\/mediamonitor\/wp-json\/wp\/v2\/posts\/41804","targetHints":{"allow":["GET"]}}],"collection":[{"href":"https:\/\/jms.com.bo\/mediamonitor\/wp-json\/wp\/v2\/posts"}],"about":[{"href":"https:\/\/jms.com.bo\/mediamonitor\/wp-json\/wp\/v2\/types\/post"}],"author":[{"embeddable":true,"href":"https:\/\/jms.com.bo\/mediamonitor\/wp-json\/wp\/v2\/users\/4"}],"replies":[{"embeddable":true,"href":"https:\/\/jms.com.bo\/mediamonitor\/wp-json\/wp\/v2\/comments?post=41804"}],"version-history":[{"count":0,"href":"https:\/\/jms.com.bo\/mediamonitor\/wp-json\/wp\/v2\/posts\/41804\/revisions"}],"wp:featuredmedia":[{"embeddable":true,"href":"https:\/\/jms.com.bo\/mediamonitor\/wp-json\/wp\/v2\/media\/41805"}],"wp:attachment":[{"href":"https:\/\/jms.com.bo\/mediamonitor\/wp-json\/wp\/v2\/media?parent=41804"}],"wp:term":[{"taxonomy":"category","embeddable":true,"href":"https:\/\/jms.com.bo\/mediamonitor\/wp-json\/wp\/v2\/categories?post=41804"},{"taxonomy":"post_tag","embeddable":true,"href":"https:\/\/jms.com.bo\/mediamonitor\/wp-json\/wp\/v2\/tags?post=41804"}],"curies":[{"name":"wp","href":"https:\/\/api.w.org\/{rel}","templated":true}]}}